{"id":2067,"date":"2023-08-07T15:52:24","date_gmt":"2023-08-07T15:52:24","guid":{"rendered":"https:\/\/radiocresatelital.com\/?p=2067"},"modified":"2023-08-07T16:42:05","modified_gmt":"2023-08-07T16:42:05","slug":"el-ecuadolar-moneda-digital-que-propone-andres-arauz","status":"publish","type":"post","link":"https:\/\/radiocresatelital.com\/?p=2067","title":{"rendered":"El Ecuad\u00f3lar, moneda digital que propone Andr\u00e9s Ar\u00e1uz"},"content":{"rendered":"<p>Guayaquil.- El candidato a la vicepresidencia por Revoluci\u00f3n Ciudadana, Andr\u00e9s Ara\u00faz, en una entrevista realizada en un medio Argentino, habl\u00f3 sobre el sistema monetario que se instaurar\u00eda en Ecuador en el caso de ser elegido junto a Luis Gonz\u00e1lez, se trata de la Ecuadolarizaci\u00f3n.<\/p>\n<p>Ar\u00e1uz, que se declara como no partidario de la dolarizaci\u00f3n que vive el Ecuador desde hace m\u00e1s de dos d\u00e9cadas, explic\u00f3 de que se trata el sistema que propone: \u201cA partir del uso de las tecnolog\u00edas modernas, los medios de pago electr\u00f3nicos . No una convertibilidad de la vieja usanza, sino que una \u2018ecuadolarizaci\u00f3n\u2019 con medios electr\u00f3nicos y adem\u00e1s con una pol\u00edtica muy activa en la administraci\u00f3n de la lanza de pagos para evitar la fuga de capitales que en Ecuador es cr\u00f3nica\u201d.<\/p>\n<p>En palabras m\u00e0s sencillas un sistema de convertibilidad similar al de Argentina, pa\u00ecs que en la actualidad vive una gran crisis econ\u00f2mica, pues casi el 40% de su poblaci\u00f2n vive en la pobreza, seg\u00f9n el Instituto Nacional de Estad\u00ecsticas y Censos de ese pa\u00ecs.<\/p>\n<p>Si bien es cierto, que esta entrevista la dio el 28 de Abril del a\u00f1o en curso, el binomio de Gonz\u00e0lez, se refer\u00eca a lo que \u00e8l considera un futuro econ\u00f2mico id\u00f2neo para Ecuador.<\/p>\n","protected":false},"excerpt":{"rendered":"<p>Guayaquil.- El candidato a la vicepresidencia por Revoluci\u00f3n Ciudadana, Andr\u00e9s Ara\u00faz, en una entrevista realizada en un medio Argentino, habl\u00f3 sobre el sistema monetario que se instaurar\u00eda en Ecuador en el caso de ser elegido junto a Luis Gonz\u00e1lez, se trata de la Ecuadolarizaci\u00f3n. Ar\u00e1uz, que se declara como no partidario de la dolarizaci\u00f3n que [&hellip;]<\/p>\n","protected":false},"author":3,"featured_media":2068,"comment_status":"open","ping_status":"closed","sticky":false,"template":"","format":"standard","meta":{"_jetpack_memberships_contains_paid_content":false,"footnotes":""},"categories":[13],"tags":[461],"class_list":["post-2067","post","type-post","status-publish","format-standard","has-post-thumbnail","hentry","category-noticias-nacionales","tag-andres-arauz"],"jetpack_featured_media_url":"https:\/\/radiocresatelital.com\/wp-content\/uploads\/2023\/08\/arauz.png","jetpack_sharing_enabled":true,"_links":{"self":[{"href":"https:\/\/radiocresatelital.com\/index.php?rest_route=\/wp\/v2\/posts\/2067","targetHints":{"allow":["GET"]}}],"collection":[{"href":"https:\/\/radiocresatelital.com\/index.php?rest_route=\/wp\/v2\/posts"}],"about":[{"href":"https:\/\/radiocresatelital.com\/index.php?rest_route=\/wp\/v2\/types\/post"}],"author":[{"embeddable":true,"href":"https:\/\/radiocresatelital.com\/index.php?rest_route=\/wp\/v2\/users\/3"}],"replies":[{"embeddable":true,"href":"https:\/\/radiocresatelital.com\/index.php?rest_route=%2Fwp%2Fv2%2Fcomments&post=2067"}],"version-history":[{"count":3,"href":"https:\/\/radiocresatelital.com\/index.php?rest_route=\/wp\/v2\/posts\/2067\/revisions"}],"predecessor-version":[{"id":2081,"href":"https:\/\/radiocresatelital.com\/index.php?rest_route=\/wp\/v2\/posts\/2067\/revisions\/2081"}],"wp:featuredmedia":[{"embeddable":true,"href":"https:\/\/radiocresatelital.com\/index.php?rest_route=\/wp\/v2\/media\/2068"}],"wp:attachment":[{"href":"https:\/\/radiocresatelital.com\/index.php?rest_route=%2Fwp%2Fv2%2Fmedia&parent=2067"}],"wp:term":[{"taxonomy":"category","embeddable":true,"href":"https:\/\/radiocresatelital.com\/index.php?rest_route=%2Fwp%2Fv2%2Fcategories&post=2067"},{"taxonomy":"post_tag","embeddable":true,"href":"https:\/\/radiocresatelital.com\/index.php?rest_route=%2Fwp%2Fv2%2Ftags&post=2067"}],"curies":[{"name":"wp","href":"https:\/\/api.w.org\/{rel}","templated":true}]}}