{"id":20600,"date":"2024-11-08T03:34:42","date_gmt":"2024-11-08T03:34:42","guid":{"rendered":"https:\/\/radiocresatelital.com\/?p=20600"},"modified":"2024-11-08T03:34:42","modified_gmt":"2024-11-08T03:34:42","slug":"propuesta-presidencial-para-sacar-de-los-grupos-vulnerables-a-los-ppl-suma-adeptos-y-detractores","status":"publish","type":"post","link":"https:\/\/radiocresatelital.com\/?p=20600","title":{"rendered":"Propuesta presidencial para sacar de los grupos vulnerables a los PPL, suma adeptos y detractores"},"content":{"rendered":"<p>Quito.- El presidente de la Republica, Daniel Noboa Az\u00edn, plante\u00f3 en sus redes sociales una reforma parcial a la Constituci\u00f3n para que los privados de la libertad, sean eliminados del grupo de personas de atenci\u00f3n prioritaria, para ello es necesario reformar los art\u00edculos 35 y 51 de la Carta Magna.<\/p>\n<p>El primer mandatario considera que los verdaderos grupos vulnerables est\u00e1n constituidos por los ni\u00f1os, j\u00f3venes, personas de la tercera edad, con capacidades diferentes y enfermedades catastr\u00f3ficas.<\/p>\n<p>Esta propuesta ha encontrado eco en asambleistas como Ferdinan \u00c1lvarez: \u201cYa basta de darle privilegios a los delincuentes, el pa\u00eds no puede seguir manteniendo antisociales con recursos que pueden ser asignados a grupos realmente prioritarios como nuestros adultos mayores, personas con discapacidad, ni\u00f1os, j\u00f3venes. Este es El Nuevo Ecuador donde siempre estar\u00e1 primero la gente\u201d-<\/p>\n<p>As\u00ed tambi\u00e9n ha encontrado detractores como la Asamble\u00edsta Paola Cabezas, quien lo considera atentatorio a los derechos humanos de los privados de la libertad.<\/p>\n<p><img decoding=\"async\" src=\"https:\/\/pbs.twimg.com\/media\/GbvsksNWMAA1ly6?format=jpg&amp;name=small\" alt=\"Imagen\" \/><\/p>\n","protected":false},"excerpt":{"rendered":"<p>Quito.- El presidente de la Republica, Daniel Noboa Az\u00edn, plante\u00f3 en sus redes sociales una reforma parcial a la Constituci\u00f3n para que los privados de la libertad, sean eliminados del grupo de personas de atenci\u00f3n prioritaria, para ello es necesario reformar los art\u00edculos 35 y 51 de la Carta Magna. El primer mandatario considera que [&hellip;]<\/p>\n","protected":false},"author":3,"featured_media":20609,"comment_status":"open","ping_status":"closed","sticky":false,"template":"","format":"standard","meta":{"_jetpack_memberships_contains_paid_content":false,"footnotes":""},"categories":[13],"tags":[],"class_list":["post-20600","post","type-post","status-publish","format-standard","has-post-thumbnail","hentry","category-noticias-nacionales"],"jetpack_featured_media_url":"https:\/\/radiocresatelital.com\/wp-content\/uploads\/2024\/11\/daniel-noboa.jpg","jetpack_sharing_enabled":true,"_links":{"self":[{"href":"https:\/\/radiocresatelital.com\/index.php?rest_route=\/wp\/v2\/posts\/20600","targetHints":{"allow":["GET"]}}],"collection":[{"href":"https:\/\/radiocresatelital.com\/index.php?rest_route=\/wp\/v2\/posts"}],"about":[{"href":"https:\/\/radiocresatelital.com\/index.php?rest_route=\/wp\/v2\/types\/post"}],"author":[{"embeddable":true,"href":"https:\/\/radiocresatelital.com\/index.php?rest_route=\/wp\/v2\/users\/3"}],"replies":[{"embeddable":true,"href":"https:\/\/radiocresatelital.com\/index.php?rest_route=%2Fwp%2Fv2%2Fcomments&post=20600"}],"version-history":[{"count":1,"href":"https:\/\/radiocresatelital.com\/index.php?rest_route=\/wp\/v2\/posts\/20600\/revisions"}],"predecessor-version":[{"id":20610,"href":"https:\/\/radiocresatelital.com\/index.php?rest_route=\/wp\/v2\/posts\/20600\/revisions\/20610"}],"wp:featuredmedia":[{"embeddable":true,"href":"https:\/\/radiocresatelital.com\/index.php?rest_route=\/wp\/v2\/media\/20609"}],"wp:attachment":[{"href":"https:\/\/radiocresatelital.com\/index.php?rest_route=%2Fwp%2Fv2%2Fmedia&parent=20600"}],"wp:term":[{"taxonomy":"category","embeddable":true,"href":"https:\/\/radiocresatelital.com\/index.php?rest_route=%2Fwp%2Fv2%2Fcategories&post=20600"},{"taxonomy":"post_tag","embeddable":true,"href":"https:\/\/radiocresatelital.com\/index.php?rest_route=%2Fwp%2Fv2%2Ftags&post=20600"}],"curies":[{"name":"wp","href":"https:\/\/api.w.org\/{rel}","templated":true}]}}