{"id":20594,"date":"2024-11-07T20:01:22","date_gmt":"2024-11-07T20:01:22","guid":{"rendered":"https:\/\/radiocresatelital.com\/?p=20594"},"modified":"2024-11-07T22:05:54","modified_gmt":"2024-11-07T22:05:54","slug":"20594","status":"publish","type":"post","link":"https:\/\/radiocresatelital.com\/?p=20594","title":{"rendered":"Nestl\u00e9, a trav\u00e9s de su Plan Cacao, siembra medio mill\u00f3n de \u00e1rboles maderables de Ecuador siguiendo las pr\u00e1cticas de agricultura regenerativa"},"content":{"rendered":"<p>Guayaquil.- Nestl\u00e9, empresa l\u00edder en sector de alimentos, realiz\u00f3 la siembra de medio mill\u00f3n de \u00e1rboles maderables en las fincas de cacao que son parte de su programa Plan Cacao.<\/p>\n<p>Esta iniciativa tiene como objetivo mejorar las fincas, el cacao y la vida de los peque\u00f1os agricultores ecuatorianos fomentando pr\u00e1cticas agr\u00edcolas responsables.<\/p>\n<p>En 2023, la compa\u00f1\u00eda asumi\u00f3 el reto de plantar un mill\u00f3n de \u00e1rboles maderables en las fincas que forman parte de su cadena de valor, con la meta de completar este ambicioso objetivo en 2026.<\/p>\n<p>Este esfuerzo no solo busca conservar la biodiversidad, sino que tambi\u00e9n contribuye a mitigar los efectos del cambio clim\u00e1tico, uno de los mayores desaf\u00edos globales que requiere la colaboraci\u00f3n de todos los sectores de la sociedad.<\/p>\n<p>\u201cEn Nestl\u00e9, hemos adoptado un modelo de hacer negocios llamado Creaci\u00f3n de Valor Compartido, estrategia que nos permite generar impactos positivos para la sociedad, el ambiente y nuestro negocio. Este compromiso nos ha llevado a crear iniciativas innovadoras como Plan Cacao que fomentan la protecci\u00f3n de la biodiversidad, reducen las emisiones de carbono y promueven pr\u00e1cticas agr\u00edcolas sostenibles a largo plazo, asegurando que cada eslab\u00f3n de nuestra cadena de valor sea una fuente de cambio positivo\u201d, se\u00f1al\u00f3, Josu\u00e9 De La Maza, Presidente Ejecutivo de Nestl\u00e9 Ecuador.<\/p>\n","protected":false},"excerpt":{"rendered":"<p>Guayaquil.- Nestl\u00e9, empresa l\u00edder en sector de alimentos, realiz\u00f3 la siembra de medio mill\u00f3n de \u00e1rboles maderables en las fincas de cacao que son parte de su programa Plan Cacao. Esta iniciativa tiene como objetivo mejorar las fincas, el cacao y la vida de los peque\u00f1os agricultores ecuatorianos fomentando pr\u00e1cticas agr\u00edcolas responsables. En 2023, la [&hellip;]<\/p>\n","protected":false},"author":2,"featured_media":20595,"comment_status":"open","ping_status":"closed","sticky":false,"template":"","format":"standard","meta":{"_jetpack_memberships_contains_paid_content":false,"footnotes":""},"categories":[13],"tags":[3009],"class_list":["post-20594","post","type-post","status-publish","format-standard","has-post-thumbnail","hentry","category-noticias-nacionales","tag-nestle"],"jetpack_featured_media_url":"https:\/\/radiocresatelital.com\/wp-content\/uploads\/2024\/11\/WhatsApp-Image-2024-11-06-at-18.04.47-1.jpeg","jetpack_sharing_enabled":true,"_links":{"self":[{"href":"https:\/\/radiocresatelital.com\/index.php?rest_route=\/wp\/v2\/posts\/20594","targetHints":{"allow":["GET"]}}],"collection":[{"href":"https:\/\/radiocresatelital.com\/index.php?rest_route=\/wp\/v2\/posts"}],"about":[{"href":"https:\/\/radiocresatelital.com\/index.php?rest_route=\/wp\/v2\/types\/post"}],"author":[{"embeddable":true,"href":"https:\/\/radiocresatelital.com\/index.php?rest_route=\/wp\/v2\/users\/2"}],"replies":[{"embeddable":true,"href":"https:\/\/radiocresatelital.com\/index.php?rest_route=%2Fwp%2Fv2%2Fcomments&post=20594"}],"version-history":[{"count":3,"href":"https:\/\/radiocresatelital.com\/index.php?rest_route=\/wp\/v2\/posts\/20594\/revisions"}],"predecessor-version":[{"id":20598,"href":"https:\/\/radiocresatelital.com\/index.php?rest_route=\/wp\/v2\/posts\/20594\/revisions\/20598"}],"wp:featuredmedia":[{"embeddable":true,"href":"https:\/\/radiocresatelital.com\/index.php?rest_route=\/wp\/v2\/media\/20595"}],"wp:attachment":[{"href":"https:\/\/radiocresatelital.com\/index.php?rest_route=%2Fwp%2Fv2%2Fmedia&parent=20594"}],"wp:term":[{"taxonomy":"category","embeddable":true,"href":"https:\/\/radiocresatelital.com\/index.php?rest_route=%2Fwp%2Fv2%2Fcategories&post=20594"},{"taxonomy":"post_tag","embeddable":true,"href":"https:\/\/radiocresatelital.com\/index.php?rest_route=%2Fwp%2Fv2%2Ftags&post=20594"}],"curies":[{"name":"wp","href":"https:\/\/api.w.org\/{rel}","templated":true}]}}