{"id":20589,"date":"2024-11-07T21:55:51","date_gmt":"2024-11-07T21:55:51","guid":{"rendered":"https:\/\/radiocresatelital.com\/?p=20589"},"modified":"2024-11-07T21:55:51","modified_gmt":"2024-11-07T21:55:51","slug":"la-eliminacion-de-la-malaria-en-ecuador-un-objetivo-prioritario-del-ministerio-de-salud-publica","status":"publish","type":"post","link":"https:\/\/radiocresatelital.com\/?p=20589","title":{"rendered":"La eliminaci\u00f3n de la malaria en Ecuador, un objetivo prioritario del Ministerio de Salud P\u00fablica"},"content":{"rendered":"<p>Quito.- Cada 6 de noviembre el Ministerio de Salud P\u00fablica (MSP) conmemora el \u201cD\u00eda del Paludismo en las Am\u00e9ricas\u201d, una fecha para resaltar acciones conjuntas y proponer nuevas estrategias para combatir este problema de salud p\u00fablica en el Ecuador.<\/p>\n<p>En el pa\u00eds, hist\u00f3ricamente el paludismo o malaria ha estado relacionado con cambios estructurales por las crisis socioecon\u00f3micas, eventos clim\u00e1ticos, expansi\u00f3n de la frontera agr\u00edcola, procesos migratorios y, en gran medida, por la falta de pol\u00edticas que garanticen recursos para el control de esta enfermedad.<\/p>\n<p>El slogan que la Organizaci\u00f3n Panamericana de la Salud (OPS\/OMS) utiliza este 2024 es \u201cAmpliaci\u00f3n del Acceso al Diagn\u00f3stico y Tratamiento\u201d y se ha enfocado en la difusi\u00f3n de mensajes sobre las acciones m\u00e1s importantes que ejecutan los pa\u00edses para eliminar la malaria.<\/p>\n<p>A su vez, el Ministerio de Salud promueve el Proyecto de Eliminaci\u00f3n de la Malaria en Ecuador y Prevenci\u00f3n del Restablecimiento (PEMEPR) cuyo objetivo es eliminar la transmisi\u00f3n aut\u00f3ctona de malaria en el Ecuador en 2025 y prevenir el restablecimiento de la transmisi\u00f3n a partir de 2026 mediante la implementaci\u00f3n de la estrategia \u201cDetecci\u00f3n, Diagn\u00f3stico, Tratamiento, Investigaci\u00f3n y Respuesta\u201d, justamente basadas en recomendaciones de OPS\/OMS. El proyecto cuenta con una inversi\u00f3n que se aproxima a los 11 millones de d\u00f3lares para ejecuci\u00f3n entre los a\u00f1os 2023 y 2027.<\/p>\n<p>En Ecuador se evidencia una disminuci\u00f3n en los casos de malaria (transmisi\u00f3n aut\u00f3ctona). En 2019 se registraron 1.823 casos mientras que en 2023 se redujo a 698. En lo que va de 2024 (SE 1-39) se han notificado un total de 340 casos siendo Pastaza y Esmeraldas las provincias predominantes para casos aut\u00f3ctonos. De igual forma los casos presentan mayor incidencia en poblaci\u00f3n que responde a un rango de edad de 20 a 49 a\u00f1os.<\/p>\n<p>Entre otras acciones desarrolladas por el MSP podemos destacar la adquisici\u00f3n de 20.200 unidades de pruebas de diagn\u00f3stico r\u00e1pido, compra de de medicamentos antimal\u00e1ricos de primera l\u00ednea por mecanismos internacionales, dotaci\u00f3n de microscopios.<\/p>\n<p>El Ministerio de Salud ha realizado 40.435 pruebas diagn\u00f3sticas de malaria siendo positivos 340 pacientes. Asimismo, un total de 335 establecimientos de salud han sido priorizados con diagn\u00f3stico y tratamiento de malaria, el personal se ha capacitado en: generalidades de malaria, quimioprofelizaxis, lectura de placas de malaria, entrega de toldos impregnados, etc.<\/p>\n","protected":false},"excerpt":{"rendered":"<p>Quito.- Cada 6 de noviembre el Ministerio de Salud P\u00fablica (MSP) conmemora el \u201cD\u00eda del Paludismo en las Am\u00e9ricas\u201d, una fecha para resaltar acciones conjuntas y proponer nuevas estrategias para combatir este problema de salud p\u00fablica en el Ecuador. En el pa\u00eds, hist\u00f3ricamente el paludismo o malaria ha estado relacionado con cambios estructurales por las [&hellip;]<\/p>\n","protected":false},"author":2,"featured_media":20591,"comment_status":"open","ping_status":"closed","sticky":false,"template":"","format":"standard","meta":{"_jetpack_memberships_contains_paid_content":false,"footnotes":""},"categories":[13],"tags":[148],"class_list":["post-20589","post","type-post","status-publish","format-standard","has-post-thumbnail","hentry","category-noticias-nacionales","tag-ministerio-de-salud-publica"],"jetpack_featured_media_url":"https:\/\/radiocresatelital.com\/wp-content\/uploads\/2024\/11\/WhatsApp-Image-2024-11-06-at-16.04.30-1-1536x1135-1.jpeg","jetpack_sharing_enabled":true,"_links":{"self":[{"href":"https:\/\/radiocresatelital.com\/index.php?rest_route=\/wp\/v2\/posts\/20589","targetHints":{"allow":["GET"]}}],"collection":[{"href":"https:\/\/radiocresatelital.com\/index.php?rest_route=\/wp\/v2\/posts"}],"about":[{"href":"https:\/\/radiocresatelital.com\/index.php?rest_route=\/wp\/v2\/types\/post"}],"author":[{"embeddable":true,"href":"https:\/\/radiocresatelital.com\/index.php?rest_route=\/wp\/v2\/users\/2"}],"replies":[{"embeddable":true,"href":"https:\/\/radiocresatelital.com\/index.php?rest_route=%2Fwp%2Fv2%2Fcomments&post=20589"}],"version-history":[{"count":1,"href":"https:\/\/radiocresatelital.com\/index.php?rest_route=\/wp\/v2\/posts\/20589\/revisions"}],"predecessor-version":[{"id":20593,"href":"https:\/\/radiocresatelital.com\/index.php?rest_route=\/wp\/v2\/posts\/20589\/revisions\/20593"}],"wp:featuredmedia":[{"embeddable":true,"href":"https:\/\/radiocresatelital.com\/index.php?rest_route=\/wp\/v2\/media\/20591"}],"wp:attachment":[{"href":"https:\/\/radiocresatelital.com\/index.php?rest_route=%2Fwp%2Fv2%2Fmedia&parent=20589"}],"wp:term":[{"taxonomy":"category","embeddable":true,"href":"https:\/\/radiocresatelital.com\/index.php?rest_route=%2Fwp%2Fv2%2Fcategories&post=20589"},{"taxonomy":"post_tag","embeddable":true,"href":"https:\/\/radiocresatelital.com\/index.php?rest_route=%2Fwp%2Fv2%2Ftags&post=20589"}],"curies":[{"name":"wp","href":"https:\/\/api.w.org\/{rel}","templated":true}]}}