{"id":20586,"date":"2024-11-07T19:37:05","date_gmt":"2024-11-07T19:37:05","guid":{"rendered":"https:\/\/radiocresatelital.com\/?p=20586"},"modified":"2024-11-07T21:39:05","modified_gmt":"2024-11-07T21:39:05","slug":"academia-selvalegre-en-su-edicion-manabi-certifico-a-244-profesionales-de-la-construccion","status":"publish","type":"post","link":"https:\/\/radiocresatelital.com\/?p=20586","title":{"rendered":"Academia Selvalegre, en su edici\u00f3n Manab\u00ed, certific\u00f3 a 244 profesionales de la construcci\u00f3n"},"content":{"rendered":"<p>Quito.- UNACEM Ecuador, empresa comprometida con la construcci\u00f3n de un mundo sostenible mediante sus soluciones integrales de cemento y hormig\u00f3n, certific\u00f3 a 244 profesionales de las carreras de arquitectura e ingenier\u00eda civil que formaron parte de la segunda edici\u00f3n de la Academia Selvalegre, en Manab\u00ed, junto a la Universidad Laica Eloy Alfaro (ULEAM).<\/p>\n<p>Esta iniciativa permiti\u00f3 fortalecer y actualizar los conocimientos de los profesionales, alrededor de las nuevas tendencias en el sector de la construcci\u00f3n, en variados temas t\u00e9cnicos y de liderazgo como: la seguridad y el cuidado del ambiente en las construcciones; el uso adecuado del hormig\u00f3n; la correcta gesti\u00f3n de obra incluyendo su control documental, planificaci\u00f3n y sistemas de gesti\u00f3n; manejo del personal y nuevos sistemas constructivos.<\/p>\n<p>Ignacio Zambrano, estudiante de la Academia Selvalegre, se\u00f1al\u00f3 que los m\u00f3dulos abordados han sido de mucha utilidad. \u00abEsta experiencia ha sido muy importante para m\u00ed, porque me ha permitido aprender sobre los nuevos sistemas constructivos, que creo que son un paso adelante hacia el futuro de la construcci\u00f3n especialmente para nosotros los profesionales de esta industria. Estamos viviendo una era de cambios tecnol\u00f3gicos, y es vital mantenerse al d\u00eda con las innovaciones para proponer soluciones m\u00e1s eficientes, r\u00e1pidas y amigables con el planeta\u201d.<\/p>\n<p>En su primera edici\u00f3n, en Pichincha, UNACEM Ecuador y su marca emblema, Selvalegre, certificaron a 280 profesionales de las carreras de arquitectura e ingenier\u00eda civil quienes, tras una prueba acad\u00e9mica, pudieron recibir una certificaci\u00f3n avalada por la Universidad Central del Ecuador (UCE). Actualmente, a este aval se suman el de la Pontificia Universidad Cat\u00f3lica del Ecuador (PUCE) y la Universidad Laica Eloy Alfaro de Manab\u00ed (ULEAM).<\/p>\n<p>Con programas como la Academia y Escuela de Formaci\u00f3n Selvalegre, la cementera reafirma su compromiso con la gesti\u00f3n del conocimiento para el desarrollo integral de sus aliados estrat\u00e9gicos y con la promoci\u00f3n de una construcci\u00f3n sostenible mediante el desarrollo de soluciones eficientes de cemento y hormig\u00f3n.<\/p>\n","protected":false},"excerpt":{"rendered":"<p>Quito.- UNACEM Ecuador, empresa comprometida con la construcci\u00f3n de un mundo sostenible mediante sus soluciones integrales de cemento y hormig\u00f3n, certific\u00f3 a 244 profesionales de las carreras de arquitectura e ingenier\u00eda civil que formaron parte de la segunda edici\u00f3n de la Academia Selvalegre, en Manab\u00ed, junto a la Universidad Laica Eloy Alfaro (ULEAM). Esta iniciativa [&hellip;]<\/p>\n","protected":false},"author":2,"featured_media":20587,"comment_status":"open","ping_status":"closed","sticky":false,"template":"","format":"standard","meta":{"_jetpack_memberships_contains_paid_content":false,"footnotes":""},"categories":[13],"tags":[172],"class_list":["post-20586","post","type-post","status-publish","format-standard","has-post-thumbnail","hentry","category-noticias-nacionales","tag-unacem-ecuador"],"jetpack_featured_media_url":"https:\/\/radiocresatelital.com\/wp-content\/uploads\/2024\/11\/Academia-Selvalegre-graduacion-scaled.jpg","jetpack_sharing_enabled":true,"_links":{"self":[{"href":"https:\/\/radiocresatelital.com\/index.php?rest_route=\/wp\/v2\/posts\/20586","targetHints":{"allow":["GET"]}}],"collection":[{"href":"https:\/\/radiocresatelital.com\/index.php?rest_route=\/wp\/v2\/posts"}],"about":[{"href":"https:\/\/radiocresatelital.com\/index.php?rest_route=\/wp\/v2\/types\/post"}],"author":[{"embeddable":true,"href":"https:\/\/radiocresatelital.com\/index.php?rest_route=\/wp\/v2\/users\/2"}],"replies":[{"embeddable":true,"href":"https:\/\/radiocresatelital.com\/index.php?rest_route=%2Fwp%2Fv2%2Fcomments&post=20586"}],"version-history":[{"count":1,"href":"https:\/\/radiocresatelital.com\/index.php?rest_route=\/wp\/v2\/posts\/20586\/revisions"}],"predecessor-version":[{"id":20588,"href":"https:\/\/radiocresatelital.com\/index.php?rest_route=\/wp\/v2\/posts\/20586\/revisions\/20588"}],"wp:featuredmedia":[{"embeddable":true,"href":"https:\/\/radiocresatelital.com\/index.php?rest_route=\/wp\/v2\/media\/20587"}],"wp:attachment":[{"href":"https:\/\/radiocresatelital.com\/index.php?rest_route=%2Fwp%2Fv2%2Fmedia&parent=20586"}],"wp:term":[{"taxonomy":"category","embeddable":true,"href":"https:\/\/radiocresatelital.com\/index.php?rest_route=%2Fwp%2Fv2%2Fcategories&post=20586"},{"taxonomy":"post_tag","embeddable":true,"href":"https:\/\/radiocresatelital.com\/index.php?rest_route=%2Fwp%2Fv2%2Ftags&post=20586"}],"curies":[{"name":"wp","href":"https:\/\/api.w.org\/{rel}","templated":true}]}}