{"id":20583,"date":"2024-11-07T22:24:33","date_gmt":"2024-11-07T22:24:33","guid":{"rendered":"https:\/\/radiocresatelital.com\/?p=20583"},"modified":"2024-11-08T04:12:04","modified_gmt":"2024-11-08T04:12:04","slug":"rios-de-cuenca-siguen-sin-caudal","status":"publish","type":"post","link":"https:\/\/radiocresatelital.com\/?p=20583","title":{"rendered":"R\u00edos de Cuenca, siguen sin caudal"},"content":{"rendered":"<p>Cuenca.- Luego de 118 d\u00edas de sequ\u00eda, los r\u00edos de la Ciudad de Cuenca lucen bastante secos, pr\u00e1cticamente, solo se aprecian rocas y entre ellas, apenas unos cuantos charcos de agua. As\u00ed los 4 r\u00edos que atraviesan Cuenca, est\u00e1n a punto de romper un record de sequ\u00eda hidrol\u00f3gica.<\/p>\n<p>Pese a las escasas lluvias e incluso una sorpresiva granizada y los anuncios de nuevas precipitaciones por parte del INAMHI, la situaci\u00f3n no mejora, lo que pone en jaque el funcionamiento de Paute, Mazar y Sopladora, que en estos d\u00edas han suplido la mayor generaci\u00f3n de energ\u00eda, ya que en el sector de Coca Codo Sinclair, no llueve desde hace una semana, lo que ha sacado de generaci\u00f3n a dicha hidroel\u00e9ctrica y ha ocasionado problemas de sedimentaci\u00f3n.<\/p>\n<p>El panorama planteado, indica que de no cambiar radicalmente la situaci\u00f3n durante los pr\u00f3ximos 3 d\u00edas, la siguiente semana las horas de racionamiento el\u00e9ctrico, seguramente aumentar\u00e1n.<\/p>\n","protected":false},"excerpt":{"rendered":"<p>Cuenca.- Luego de 118 d\u00edas de sequ\u00eda, los r\u00edos de la Ciudad de Cuenca lucen bastante secos, pr\u00e1cticamente, solo se aprecian rocas y entre ellas, apenas unos cuantos charcos de agua. As\u00ed los 4 r\u00edos que atraviesan Cuenca, est\u00e1n a punto de romper un record de sequ\u00eda hidrol\u00f3gica. Pese a las escasas lluvias e incluso [&hellip;]<\/p>\n","protected":false},"author":3,"featured_media":20590,"comment_status":"open","ping_status":"closed","sticky":false,"template":"","format":"standard","meta":{"_jetpack_memberships_contains_paid_content":false,"footnotes":""},"categories":[13],"tags":[],"class_list":["post-20583","post","type-post","status-publish","format-standard","has-post-thumbnail","hentry","category-noticias-nacionales"],"jetpack_featured_media_url":"https:\/\/radiocresatelital.com\/wp-content\/uploads\/2024\/11\/rios-cuenca-secos.jpg","jetpack_sharing_enabled":true,"_links":{"self":[{"href":"https:\/\/radiocresatelital.com\/index.php?rest_route=\/wp\/v2\/posts\/20583","targetHints":{"allow":["GET"]}}],"collection":[{"href":"https:\/\/radiocresatelital.com\/index.php?rest_route=\/wp\/v2\/posts"}],"about":[{"href":"https:\/\/radiocresatelital.com\/index.php?rest_route=\/wp\/v2\/types\/post"}],"author":[{"embeddable":true,"href":"https:\/\/radiocresatelital.com\/index.php?rest_route=\/wp\/v2\/users\/3"}],"replies":[{"embeddable":true,"href":"https:\/\/radiocresatelital.com\/index.php?rest_route=%2Fwp%2Fv2%2Fcomments&post=20583"}],"version-history":[{"count":1,"href":"https:\/\/radiocresatelital.com\/index.php?rest_route=\/wp\/v2\/posts\/20583\/revisions"}],"predecessor-version":[{"id":20599,"href":"https:\/\/radiocresatelital.com\/index.php?rest_route=\/wp\/v2\/posts\/20583\/revisions\/20599"}],"wp:featuredmedia":[{"embeddable":true,"href":"https:\/\/radiocresatelital.com\/index.php?rest_route=\/wp\/v2\/media\/20590"}],"wp:attachment":[{"href":"https:\/\/radiocresatelital.com\/index.php?rest_route=%2Fwp%2Fv2%2Fmedia&parent=20583"}],"wp:term":[{"taxonomy":"category","embeddable":true,"href":"https:\/\/radiocresatelital.com\/index.php?rest_route=%2Fwp%2Fv2%2Fcategories&post=20583"},{"taxonomy":"post_tag","embeddable":true,"href":"https:\/\/radiocresatelital.com\/index.php?rest_route=%2Fwp%2Fv2%2Ftags&post=20583"}],"curies":[{"name":"wp","href":"https:\/\/api.w.org\/{rel}","templated":true}]}}