{"id":20576,"date":"2024-11-07T21:13:55","date_gmt":"2024-11-07T21:13:55","guid":{"rendered":"https:\/\/radiocresatelital.com\/?p=20576"},"modified":"2024-11-07T21:13:55","modified_gmt":"2024-11-07T21:13:55","slug":"samborondon-es-designada-ciudad-americana-del-deporte","status":"publish","type":"post","link":"https:\/\/radiocresatelital.com\/?p=20576","title":{"rendered":"Samborond\u00f3n es designada \u201cCiudad Americana del Deporte\u201d"},"content":{"rendered":"<p>Desde el 2019 uno de los objetivos de la Alcald\u00eda de Samborond\u00f3n siempre ha sido impulsar el deporte como mecanismo de desarrollo social. Se fue promoviendo y fortaleciendo la pr\u00e1ctica deportiva en la ciudad con las escuelas municipales, con infraestructura y con un gran equipo de trabajo, entre entrenadores, atletas y todas las familias samboronde\u00f1as que han adoptado el deporte como un estilo de vida.<\/p>\n<p>Desde la alcald\u00eda se ha demostrado la capacidad y el compromiso que se tiene con la gente y la meta de ser un epicentro deportivo que permita dejar un legado para las futuras generaciones.<\/p>\n<p>Con mucha alegr\u00eda y orgullo tenemos el honor de anunciar que luego de que en el mes de agosto ACES, el organismo reconocido por la Uni\u00f3n Europea, la UNESCO, la OEA y otros organismos deportivos internacionales de la regi\u00f3n y del mundo, se reunieron en Ecuador, Samborond\u00f3n fue designada como la<br \/>\n\u201cPrimera ciudad americana del deporte del Ecuador 2025\u201d.<\/p>\n<p>Ser una &#8216;Ciudad Americana del Deporte&#8217; permitir\u00e1 al municipio, liderado por Juan Jos\u00e9 Y\u00fanez, unirse a la red de deportes m\u00e1s grande del mundo, conect\u00e1ndose con m\u00e1s de 5.000 ciudades en todo el planeta para el intercambio de experiencias y la b\u00fasqueda de financiamiento para obras y programas ligados a la actividad f\u00edsica en beneficio de la poblaci\u00f3n.<\/p>\n<p>El alcalde expres\u00f3 su orgullo por ser Samborond\u00f3n el primer municipio de Ecuador en cumplir los requisitos para recibir este galard\u00f3n y destac\u00f3 que el reconocimiento refleja el esfuerzo conjunto de todos los ciudadanos del cant\u00f3n.<\/p>\n<p>Este importante reconocimiento tendr\u00e1 un impacto positivo en varias \u00e1reas, como el turismo, la educaci\u00f3n, la salud y la econom\u00eda, generando empleos y fomentando el desarrollo del cant\u00f3n. Adem\u00e1s, el desarrollo de actividades deportivas contribuir\u00e1 a la reconstrucci\u00f3n del tejido social, mejorar\u00e1 la calidad de vida y ayudar\u00e1 a erradicar la violencia social.<\/p>\n<p>El ser nombrada como Ciudad Americana del Deporte pondr\u00e1 a Samborond\u00f3n en el escenario internacional, facilitando el intercambio de experiencias con otros municipios, la organizaci\u00f3n de eventos y la recepci\u00f3n de visitantes interesados en conocer el modelo de fomento del deporte implementado por el municipio.<\/p>\n","protected":false},"excerpt":{"rendered":"<p>Desde el 2019 uno de los objetivos de la Alcald\u00eda de Samborond\u00f3n siempre ha sido impulsar el deporte como mecanismo de desarrollo social. Se fue promoviendo y fortaleciendo la pr\u00e1ctica deportiva en la ciudad con las escuelas municipales, con infraestructura y con un gran equipo de trabajo, entre entrenadores, atletas y todas las familias samboronde\u00f1as [&hellip;]<\/p>\n","protected":false},"author":2,"featured_media":20577,"comment_status":"open","ping_status":"closed","sticky":false,"template":"","format":"standard","meta":{"_jetpack_memberships_contains_paid_content":false,"footnotes":""},"categories":[13],"tags":[2311],"class_list":["post-20576","post","type-post","status-publish","format-standard","has-post-thumbnail","hentry","category-noticias-nacionales","tag-alcaldia-de-samborondon"],"jetpack_featured_media_url":"https:\/\/radiocresatelital.com\/wp-content\/uploads\/2024\/11\/WhatsApp-Image-2024-11-06-at-20.18.10.jpeg","jetpack_sharing_enabled":true,"_links":{"self":[{"href":"https:\/\/radiocresatelital.com\/index.php?rest_route=\/wp\/v2\/posts\/20576","targetHints":{"allow":["GET"]}}],"collection":[{"href":"https:\/\/radiocresatelital.com\/index.php?rest_route=\/wp\/v2\/posts"}],"about":[{"href":"https:\/\/radiocresatelital.com\/index.php?rest_route=\/wp\/v2\/types\/post"}],"author":[{"embeddable":true,"href":"https:\/\/radiocresatelital.com\/index.php?rest_route=\/wp\/v2\/users\/2"}],"replies":[{"embeddable":true,"href":"https:\/\/radiocresatelital.com\/index.php?rest_route=%2Fwp%2Fv2%2Fcomments&post=20576"}],"version-history":[{"count":1,"href":"https:\/\/radiocresatelital.com\/index.php?rest_route=\/wp\/v2\/posts\/20576\/revisions"}],"predecessor-version":[{"id":20578,"href":"https:\/\/radiocresatelital.com\/index.php?rest_route=\/wp\/v2\/posts\/20576\/revisions\/20578"}],"wp:featuredmedia":[{"embeddable":true,"href":"https:\/\/radiocresatelital.com\/index.php?rest_route=\/wp\/v2\/media\/20577"}],"wp:attachment":[{"href":"https:\/\/radiocresatelital.com\/index.php?rest_route=%2Fwp%2Fv2%2Fmedia&parent=20576"}],"wp:term":[{"taxonomy":"category","embeddable":true,"href":"https:\/\/radiocresatelital.com\/index.php?rest_route=%2Fwp%2Fv2%2Fcategories&post=20576"},{"taxonomy":"post_tag","embeddable":true,"href":"https:\/\/radiocresatelital.com\/index.php?rest_route=%2Fwp%2Fv2%2Ftags&post=20576"}],"curies":[{"name":"wp","href":"https:\/\/api.w.org\/{rel}","templated":true}]}}