{"id":20573,"date":"2024-11-07T17:02:34","date_gmt":"2024-11-07T17:02:34","guid":{"rendered":"https:\/\/radiocresatelital.com\/?p=20573"},"modified":"2024-11-07T17:02:34","modified_gmt":"2024-11-07T17:02:34","slug":"debemos-debatir-si-necesitamos-colaboracion-militar-o-una-base-militar-extranjera-jorge-acaiturri","status":"publish","type":"post","link":"https:\/\/radiocresatelital.com\/?p=20573","title":{"rendered":"Debemos debatir si necesitamos colaboraci\u00f3n militar o una base militar extranjera, Jorge Acaiturri"},"content":{"rendered":"<p>Guayaquil.- El Asambleista Socialcristiano, Jorge Acaiturri, en di\u00e1logo con CRE Noticias, se refiri\u00f3 a las declaraciones del presidente, Daniel Noboa, quien acus\u00f3 a la lista 6 y a SUMA de entregar la presidencia de la Comisi\u00f3n Ocasional que analizar\u00e1 las bases militares a la correista Gisella Garz\u00f3n \u00abNosotros estamos a favor de las bases militares extranjeras, en tanto y en cuanto, se respete la Constituci\u00f3n de la Rep\u00fablica y los Derechos Humanos\u00bb, asever\u00f3<\/p>\n<p>\u00abSiempre se necesita colaboraci\u00f3n militar internacional para enfrentar al crimen organizado transnacional, pero lo que debemos preguntarnos es si adem\u00e1s se necesitan bases militares extanjeras. Adicional a ello, debemos plantearnos si es que hay inter\u00e9s o no por parte del gobierno americano de poner una base en territorio ecuatoriano, porque hace poco el embajador estadounidense en Ecuador dijo que la tecnolog\u00eda ha avanzado tanto que ya no es necesario poner bases presenciales ya que las nuevas herramientas tecnol\u00f3gicas las suplen\u00bb.<\/p>\n<p>Acaiturri, abord\u00f3 tambi\u00e9n el tema de seguridad interna, insistiendo que lo primero es priorizar los recursis para invertir en seguridad y construir pol\u00edticas serias y sostenibles, pero si la mayor preocupaci\u00f3n del gobierno es pagar la deuda externa en lugar de invertir en las necesidades internas, \u00e9sto no va a cambiar nunca, finaliz\u00f3 el Asambleista Acaiturrri.<\/p>\n","protected":false},"excerpt":{"rendered":"<p>Guayaquil.- El Asambleista Socialcristiano, Jorge Acaiturri, en di\u00e1logo con CRE Noticias, se refiri\u00f3 a las declaraciones del presidente, Daniel Noboa, quien acus\u00f3 a la lista 6 y a SUMA de entregar la presidencia de la Comisi\u00f3n Ocasional que analizar\u00e1 las bases militares a la correista Gisella Garz\u00f3n \u00abNosotros estamos a favor de las bases militares [&hellip;]<\/p>\n","protected":false},"author":3,"featured_media":20574,"comment_status":"open","ping_status":"closed","sticky":false,"template":"","format":"standard","meta":{"_jetpack_memberships_contains_paid_content":false,"footnotes":""},"categories":[13],"tags":[],"class_list":["post-20573","post","type-post","status-publish","format-standard","has-post-thumbnail","hentry","category-noticias-nacionales"],"jetpack_featured_media_url":"https:\/\/radiocresatelital.com\/wp-content\/uploads\/2024\/11\/jorge-acaiturri.jpeg","jetpack_sharing_enabled":true,"_links":{"self":[{"href":"https:\/\/radiocresatelital.com\/index.php?rest_route=\/wp\/v2\/posts\/20573","targetHints":{"allow":["GET"]}}],"collection":[{"href":"https:\/\/radiocresatelital.com\/index.php?rest_route=\/wp\/v2\/posts"}],"about":[{"href":"https:\/\/radiocresatelital.com\/index.php?rest_route=\/wp\/v2\/types\/post"}],"author":[{"embeddable":true,"href":"https:\/\/radiocresatelital.com\/index.php?rest_route=\/wp\/v2\/users\/3"}],"replies":[{"embeddable":true,"href":"https:\/\/radiocresatelital.com\/index.php?rest_route=%2Fwp%2Fv2%2Fcomments&post=20573"}],"version-history":[{"count":1,"href":"https:\/\/radiocresatelital.com\/index.php?rest_route=\/wp\/v2\/posts\/20573\/revisions"}],"predecessor-version":[{"id":20575,"href":"https:\/\/radiocresatelital.com\/index.php?rest_route=\/wp\/v2\/posts\/20573\/revisions\/20575"}],"wp:featuredmedia":[{"embeddable":true,"href":"https:\/\/radiocresatelital.com\/index.php?rest_route=\/wp\/v2\/media\/20574"}],"wp:attachment":[{"href":"https:\/\/radiocresatelital.com\/index.php?rest_route=%2Fwp%2Fv2%2Fmedia&parent=20573"}],"wp:term":[{"taxonomy":"category","embeddable":true,"href":"https:\/\/radiocresatelital.com\/index.php?rest_route=%2Fwp%2Fv2%2Fcategories&post=20573"},{"taxonomy":"post_tag","embeddable":true,"href":"https:\/\/radiocresatelital.com\/index.php?rest_route=%2Fwp%2Fv2%2Ftags&post=20573"}],"curies":[{"name":"wp","href":"https:\/\/api.w.org\/{rel}","templated":true}]}}