{"id":20560,"date":"2024-11-06T21:17:41","date_gmt":"2024-11-06T21:17:41","guid":{"rendered":"https:\/\/radiocresatelital.com\/?p=20560"},"modified":"2024-11-06T21:17:41","modified_gmt":"2024-11-06T21:17:41","slug":"historico-se-instalara-el-consejo-plurinacional-de-educacion-intercultural-bilingue-y-la-etnoeducacion","status":"publish","type":"post","link":"https:\/\/radiocresatelital.com\/?p=20560","title":{"rendered":"Hist\u00f3rico: se instalar\u00e1 el Consejo Plurinacional de Educaci\u00f3n Intercultural Biling\u00fce y la Etnoeducaci\u00f3n"},"content":{"rendered":"<p>Quito.-\u00a0En un hecho sin precedentes para el sistema educativo ecuatoriano, el Ministerio de Educaci\u00f3n, encabezado por la ministra Alegr\u00eda Crespo, dar\u00e1 inici\u00f3 este mi\u00e9rcoles 6 de noviembre a las labores del\u00a0<strong>Consejo Plurinacional del Sistema de Educaci\u00f3n Intercultural Biling\u00fce y la Etnoeducaci\u00f3n<\/strong>. Este hito representa un avance significativo en el reconocimiento y valoraci\u00f3n de la diversidad cultural del pa\u00eds.<\/p>\n<p>La primera sesi\u00f3n del Consejo reunir\u00e1 a los representantes electos de los Pueblos y Nacionalidades; adem\u00e1s de los representantes del Ejecutivo. Este espacio de di\u00e1logo y de toma de decisones tiene como prop\u00f3sito fundamental fortalecer el sistema educativo intercultural biling\u00fce y la etnoeducaci\u00f3n para garantizar una educaci\u00f3n de calidad, inclusiva y pertinente.<\/p>\n<p>Este cuerpo colegiado, conformado por representantes leg\u00edtimamente elegidos por los Pueblos y Nacionalidades, ejercer\u00e1 las siguientes funciones:<\/p>\n<ol>\n<li><strong>Proponer pol\u00edticas p\u00fablicas:<\/strong>\u00a0Definir\u00e1 las l\u00edneas estrat\u00e9gicas para el desarrollo del sistema educativo intercultural biling\u00fce.<\/li>\n<li><strong>Evaluaci\u00f3n y seguimiento:<\/strong>\u00a0Evaluar\u00e1 la implementaci\u00f3n de las pol\u00edticas y realizar\u00e1 un seguimiento riguroso de sus resultados.<\/li>\n<li><strong>Control social:<\/strong>\u00a0Garantizar\u00e1 que las pol\u00edticas p\u00fablicas se ejecuten de manera transparente y eficiente, y que respondan a las necesidades de las comunidades.<\/li>\n<li><strong>Rendici\u00f3n de cuentas:<\/strong>\u00a0Ser\u00e1 responsable de informar a las comunidades sobre las acciones emprendidas y los resultados obtenidos.<\/li>\n<\/ol>\n<p>La convocatoria e instalaci\u00f3n del Consejo Plurinacional es un claro ejemplo del compromiso del Gobierno Nacional para fortalecer la interculturalidad y la plurinacionalidad en el pa\u00eds. Al otorgar un espacio de participaci\u00f3n directa a los Pueblos y Nacionalidades ind\u00edgenas en la toma de decisiones sobre su educaci\u00f3n, se asegura que sus conocimientos, saberes y cosmovisiones sean reconocidos y valorados en el Sistema Nacional de Educaci\u00f3n.<\/p>\n<p>\u201cCon la instauraci\u00f3n de este consejo, se da un paso decisivo hacia la construcci\u00f3n de una educaci\u00f3n que responda a las necesidades y aspiraciones de todos los ecuatorianos. Creemos firmemente que la educaci\u00f3n intercultural es fundamental para fortalecer la unidad y la diversidad de nuestro pa\u00eds\u201d, afirma la Ministra Alegr\u00eda Crespo.<\/p>\n<p>Con esta iniciativa, el Ministerio de Educaci\u00f3n reafirma su compromiso con la unidad, el respeto y el trabajo en conjunto para transformar la vida de las actuales y nuevas generaciones, y construir un Ecuador, justo y equitativo.<\/p>\n","protected":false},"excerpt":{"rendered":"<p>Quito.-\u00a0En un hecho sin precedentes para el sistema educativo ecuatoriano, el Ministerio de Educaci\u00f3n, encabezado por la ministra Alegr\u00eda Crespo, dar\u00e1 inici\u00f3 este mi\u00e9rcoles 6 de noviembre a las labores del\u00a0Consejo Plurinacional del Sistema de Educaci\u00f3n Intercultural Biling\u00fce y la Etnoeducaci\u00f3n. Este hito representa un avance significativo en el reconocimiento y valoraci\u00f3n de la diversidad [&hellip;]<\/p>\n","protected":false},"author":2,"featured_media":20561,"comment_status":"open","ping_status":"closed","sticky":false,"template":"","format":"standard","meta":{"_jetpack_memberships_contains_paid_content":false,"footnotes":""},"categories":[13],"tags":[444],"class_list":["post-20560","post","type-post","status-publish","format-standard","has-post-thumbnail","hentry","category-noticias-nacionales","tag-ministerio-de-educacion"],"jetpack_featured_media_url":"https:\/\/radiocresatelital.com\/wp-content\/uploads\/2024\/11\/intercultural-1.png","jetpack_sharing_enabled":true,"_links":{"self":[{"href":"https:\/\/radiocresatelital.com\/index.php?rest_route=\/wp\/v2\/posts\/20560","targetHints":{"allow":["GET"]}}],"collection":[{"href":"https:\/\/radiocresatelital.com\/index.php?rest_route=\/wp\/v2\/posts"}],"about":[{"href":"https:\/\/radiocresatelital.com\/index.php?rest_route=\/wp\/v2\/types\/post"}],"author":[{"embeddable":true,"href":"https:\/\/radiocresatelital.com\/index.php?rest_route=\/wp\/v2\/users\/2"}],"replies":[{"embeddable":true,"href":"https:\/\/radiocresatelital.com\/index.php?rest_route=%2Fwp%2Fv2%2Fcomments&post=20560"}],"version-history":[{"count":1,"href":"https:\/\/radiocresatelital.com\/index.php?rest_route=\/wp\/v2\/posts\/20560\/revisions"}],"predecessor-version":[{"id":20562,"href":"https:\/\/radiocresatelital.com\/index.php?rest_route=\/wp\/v2\/posts\/20560\/revisions\/20562"}],"wp:featuredmedia":[{"embeddable":true,"href":"https:\/\/radiocresatelital.com\/index.php?rest_route=\/wp\/v2\/media\/20561"}],"wp:attachment":[{"href":"https:\/\/radiocresatelital.com\/index.php?rest_route=%2Fwp%2Fv2%2Fmedia&parent=20560"}],"wp:term":[{"taxonomy":"category","embeddable":true,"href":"https:\/\/radiocresatelital.com\/index.php?rest_route=%2Fwp%2Fv2%2Fcategories&post=20560"},{"taxonomy":"post_tag","embeddable":true,"href":"https:\/\/radiocresatelital.com\/index.php?rest_route=%2Fwp%2Fv2%2Ftags&post=20560"}],"curies":[{"name":"wp","href":"https:\/\/api.w.org\/{rel}","templated":true}]}}