{"id":20551,"date":"2024-11-06T20:56:27","date_gmt":"2024-11-06T20:56:27","guid":{"rendered":"https:\/\/radiocresatelital.com\/?p=20551"},"modified":"2024-11-06T20:56:27","modified_gmt":"2024-11-06T20:56:27","slug":"en-un-tiempo-record-de-6-meses-marcela-aguinaga-entrego-la-renovada-av-leon-febres-cordero","status":"publish","type":"post","link":"https:\/\/radiocresatelital.com\/?p=20551","title":{"rendered":"En un tiempo r\u00e9cord de 6 meses, Marcela Agui\u00f1aga entreg\u00f3 la renovada av. Le\u00f3n Febres Cordero"},"content":{"rendered":"<p><span style=\"font-weight: 400;\">Guayaquil.- \u00a1Misi\u00f3n cumplida! La prefecta Marcela Agui\u00f1aga entreg\u00f3 la rehabilitaci\u00f3n de los 7,2 kil\u00f3metros de calzada de la av. Le\u00f3n Febres Cordero en un tiempo r\u00e9cord de seis meses, lo que significa un beneficio directo para 300.000 personas que viven, trabajan o circulan por el sector de La Aurora, en Daule, y para 80.000 veh\u00edculos que ahora cuentan con una carretera r\u00e1pida.<\/span><\/p>\n<p><span style=\"font-weight: 400;\">\u00a0En un acto sencillo se desarroll\u00f3, la ma\u00f1ana de este mi\u00e9rcoles, 6 de noviembre, la entrega formal de la v\u00eda al Ministerio de Transporte y Obras P\u00fablicas, que sigue teniendo la competencia sobre la misma. A la ejecutiva guayasense la acompa\u00f1aron el alcalde de Daule, Wilson Ca\u00f1izares; el subsecretario de Transporte y Obras P\u00fablicas, Zonal 5, Gustavo Berrezueta; y, representantes de las ciudadelas e industrias asentadas en la v\u00eda.<\/span><\/p>\n<p><span style=\"font-weight: 400;\">A nombre de los beneficiarios, \u00c1lvaro Bueno record\u00f3 que a\u00f1os atr\u00e1s pidieron los trabajos a anteriores administraciones que no hicieron nada. \u00abPodemos ver (la obra) fruto de la administraci\u00f3n de hoy en d\u00eda que s\u00ed escucha, que s\u00ed cumple, que s\u00ed ejecuta. Y eso es gracias al liderazgo de la prefecta Marcela Agui\u00f1aga\u00bb.<\/span><\/p>\n<p><span style=\"font-weight: 400;\">Inicialmente, deb\u00eda ejecutarse en un plazo de ocho meses, pero se la termin\u00f3 en apenas seis. En ese lapso, se rehabilit\u00f3 la calzada de 7.2 kil\u00f3metros de v\u00eda, que ahora cuentan con una carpeta asf\u00e1ltica de 10 cent\u00edmetros para soportar tr\u00e1fico pesado, se mejor\u00f3 el sistema de drenaje, y se coloc\u00f3 se\u00f1alizaci\u00f3n horizontal y vertical. La inversi\u00f3n total super\u00f3 los 7 millones de d\u00f3lares, para mejorar la conectividad entre Daule, Guayaquil y Samborond\u00f3n.<\/span><\/p>\n<p><span style=\"font-weight: 400;\">La entrega de la v\u00eda se enmarca en las celebraciones por los 204 a\u00f1os de creaci\u00f3n de la provincia. \u00abCreemos que la mejor forma de rendir homenaje no es con palabras, sino con obras. Estas son las obras que transforman las vidas y generan progreso para los habitantes de la provincia del Guayas\u00bb, destac\u00f3 Marcela Agui\u00f1aga.<\/span><\/p>\n<p><span style=\"font-weight: 400;\">La Prefecta del Guayas tambi\u00e9n hizo un llamado al Ministerio de Transporte para que le d\u00e9 el mantenimiento adecuado a la v\u00eda rehabilitada y al puente Vicente Rocafuerte; tambi\u00e9n traslad\u00f3 a la Alcald\u00eda de Daule el pedido ciudadano para que se regule el intenso tr\u00e1nsito vehicular y se limpien los canales de drenaje. \u00bb Hemos entregado la v\u00eda en perfectas condiciones; estaremos vigilantes para que no se vuelva a deteriorar\u201d, garantiz\u00f3.<\/span><\/p>\n","protected":false},"excerpt":{"rendered":"<p>Guayaquil.- \u00a1Misi\u00f3n cumplida! La prefecta Marcela Agui\u00f1aga entreg\u00f3 la rehabilitaci\u00f3n de los 7,2 kil\u00f3metros de calzada de la av. Le\u00f3n Febres Cordero en un tiempo r\u00e9cord de seis meses, lo que significa un beneficio directo para 300.000 personas que viven, trabajan o circulan por el sector de La Aurora, en Daule, y para 80.000 veh\u00edculos [&hellip;]<\/p>\n","protected":false},"author":2,"featured_media":20552,"comment_status":"open","ping_status":"closed","sticky":false,"template":"","format":"standard","meta":{"_jetpack_memberships_contains_paid_content":false,"footnotes":""},"categories":[13],"tags":[3253,248,415],"class_list":["post-20551","post","type-post","status-publish","format-standard","has-post-thumbnail","hentry","category-noticias-nacionales","tag-av-leon-febres-cordero","tag-marcela-aguinaga","tag-prefectura-ciudadana-del-guayas"],"jetpack_featured_media_url":"https:\/\/radiocresatelital.com\/wp-content\/uploads\/2024\/11\/WhatsApp-Image-2024-11-06-at-14.52.57-2.jpeg","jetpack_sharing_enabled":true,"_links":{"self":[{"href":"https:\/\/radiocresatelital.com\/index.php?rest_route=\/wp\/v2\/posts\/20551","targetHints":{"allow":["GET"]}}],"collection":[{"href":"https:\/\/radiocresatelital.com\/index.php?rest_route=\/wp\/v2\/posts"}],"about":[{"href":"https:\/\/radiocresatelital.com\/index.php?rest_route=\/wp\/v2\/types\/post"}],"author":[{"embeddable":true,"href":"https:\/\/radiocresatelital.com\/index.php?rest_route=\/wp\/v2\/users\/2"}],"replies":[{"embeddable":true,"href":"https:\/\/radiocresatelital.com\/index.php?rest_route=%2Fwp%2Fv2%2Fcomments&post=20551"}],"version-history":[{"count":1,"href":"https:\/\/radiocresatelital.com\/index.php?rest_route=\/wp\/v2\/posts\/20551\/revisions"}],"predecessor-version":[{"id":20553,"href":"https:\/\/radiocresatelital.com\/index.php?rest_route=\/wp\/v2\/posts\/20551\/revisions\/20553"}],"wp:featuredmedia":[{"embeddable":true,"href":"https:\/\/radiocresatelital.com\/index.php?rest_route=\/wp\/v2\/media\/20552"}],"wp:attachment":[{"href":"https:\/\/radiocresatelital.com\/index.php?rest_route=%2Fwp%2Fv2%2Fmedia&parent=20551"}],"wp:term":[{"taxonomy":"category","embeddable":true,"href":"https:\/\/radiocresatelital.com\/index.php?rest_route=%2Fwp%2Fv2%2Fcategories&post=20551"},{"taxonomy":"post_tag","embeddable":true,"href":"https:\/\/radiocresatelital.com\/index.php?rest_route=%2Fwp%2Fv2%2Ftags&post=20551"}],"curies":[{"name":"wp","href":"https:\/\/api.w.org\/{rel}","templated":true}]}}