{"id":20507,"date":"2024-11-05T19:40:27","date_gmt":"2024-11-05T19:40:27","guid":{"rendered":"https:\/\/radiocresatelital.com\/?p=20507"},"modified":"2024-11-05T21:53:09","modified_gmt":"2024-11-05T21:53:09","slug":"una-aventura-magica-llega-a-la-pantalla-grande","status":"publish","type":"post","link":"https:\/\/radiocresatelital.com\/?p=20507","title":{"rendered":"Una aventura m\u00e1gica llega a la pantalla grande"},"content":{"rendered":"<p>Quito.- La Leyenda del Drag\u00f3n, es una pel\u00edcula animada que desborda magia en cada escena, invitando a los espectadores a un mundo donde la aventura y la fantas\u00eda se entrelazan con valores universales. Con un estreno esperado para el 7 de noviembre, esta cautivadora historia llevar\u00e1 a grandes y peque\u00f1os por un viaje conmovedor de amistad, valent\u00eda y el poder de proteger nuestro mundo. Un film que envolver\u00e1 con su hechizante historia, en medio de maravillas y desaf\u00edos, la verdadera magia que hay en el coraz\u00f3n.<\/p>\n<p>En un tiempo en el que los dragones y los humanos viv\u00edan en armon\u00eda, una terrible disputa los separa. A\u00f1os m\u00e1s tarde, Ping, una joven hu\u00e9rfana llena de curiosidad, se convierte en la cuidadora de los \u00faltimos dragones sobrevivientes. Cuando una tragedia golpea y los guardias del palacio la acusan de un crimen que no cometi\u00f3, Ping y Danzi, el \u00faltimo drag\u00f3n macho, emprenden una peligrosa misi\u00f3n para proteger el futuro de su especie. Juntos, deber\u00e1n cruzar vastos paisajes, enfrentar desaf\u00edos impensables y descubrir el verdadero significado de la amistad.<\/p>\n<p>La Leyenda del Drag\u00f3n es m\u00e1s que una pel\u00edcula; es un viaje m\u00e1gico que une generaciones en una aventura donde la fantas\u00eda se encuentra con el mensaje profundo de cuidar nuestro hogar, el planeta, y de descubrir el poder que habita en nuestro interior. Con personajes entra\u00f1ables y una historia llena magia, se convierte en una experiencia inolvidable, dise\u00f1ada para encender la imaginaci\u00f3n y tocar el coraz\u00f3n de casa miembro de la familia.<\/p>\n<p>\u00abLa Leyenda del Drag\u00f3n\u00bb llega a los cines el 7 de noviembre, ofreciendo a toda la familia una historia emocionante que encantar\u00e1 a grandes y peque\u00f1os con su narrativa llena de fantas\u00eda y personajes entra\u00f1ables. \u00a1No te pierdas esta fascinante aventura en la gran pantalla!<\/p>\n","protected":false},"excerpt":{"rendered":"<p>Quito.- La Leyenda del Drag\u00f3n, es una pel\u00edcula animada que desborda magia en cada escena, invitando a los espectadores a un mundo donde la aventura y la fantas\u00eda se entrelazan con valores universales. Con un estreno esperado para el 7 de noviembre, esta cautivadora historia llevar\u00e1 a grandes y peque\u00f1os por un viaje conmovedor de [&hellip;]<\/p>\n","protected":false},"author":2,"featured_media":20508,"comment_status":"open","ping_status":"closed","sticky":false,"template":"","format":"standard","meta":{"_jetpack_memberships_contains_paid_content":false,"footnotes":""},"categories":[880],"tags":[3240],"class_list":["post-20507","post","type-post","status-publish","format-standard","has-post-thumbnail","hentry","category-cine","tag-leyenda-del-dragon"],"jetpack_featured_media_url":"https:\/\/radiocresatelital.com\/wp-content\/uploads\/2024\/11\/LA-LEYENDA-DEL-DRAGON.jpg","jetpack_sharing_enabled":true,"_links":{"self":[{"href":"https:\/\/radiocresatelital.com\/index.php?rest_route=\/wp\/v2\/posts\/20507","targetHints":{"allow":["GET"]}}],"collection":[{"href":"https:\/\/radiocresatelital.com\/index.php?rest_route=\/wp\/v2\/posts"}],"about":[{"href":"https:\/\/radiocresatelital.com\/index.php?rest_route=\/wp\/v2\/types\/post"}],"author":[{"embeddable":true,"href":"https:\/\/radiocresatelital.com\/index.php?rest_route=\/wp\/v2\/users\/2"}],"replies":[{"embeddable":true,"href":"https:\/\/radiocresatelital.com\/index.php?rest_route=%2Fwp%2Fv2%2Fcomments&post=20507"}],"version-history":[{"count":1,"href":"https:\/\/radiocresatelital.com\/index.php?rest_route=\/wp\/v2\/posts\/20507\/revisions"}],"predecessor-version":[{"id":20509,"href":"https:\/\/radiocresatelital.com\/index.php?rest_route=\/wp\/v2\/posts\/20507\/revisions\/20509"}],"wp:featuredmedia":[{"embeddable":true,"href":"https:\/\/radiocresatelital.com\/index.php?rest_route=\/wp\/v2\/media\/20508"}],"wp:attachment":[{"href":"https:\/\/radiocresatelital.com\/index.php?rest_route=%2Fwp%2Fv2%2Fmedia&parent=20507"}],"wp:term":[{"taxonomy":"category","embeddable":true,"href":"https:\/\/radiocresatelital.com\/index.php?rest_route=%2Fwp%2Fv2%2Fcategories&post=20507"},{"taxonomy":"post_tag","embeddable":true,"href":"https:\/\/radiocresatelital.com\/index.php?rest_route=%2Fwp%2Fv2%2Ftags&post=20507"}],"curies":[{"name":"wp","href":"https:\/\/api.w.org\/{rel}","templated":true}]}}