{"id":20289,"date":"2024-10-25T21:57:57","date_gmt":"2024-10-25T21:57:57","guid":{"rendered":"https:\/\/radiocresatelital.com\/?p=20289"},"modified":"2024-11-08T04:14:38","modified_gmt":"2024-11-08T04:14:38","slug":"uteg-y-cut-firman-convenio-para-potenciar-la-educacion-y-el-desarrollo-profesional-en-ecuador","status":"publish","type":"post","link":"https:\/\/radiocresatelital.com\/?p=20289","title":{"rendered":"UTEG y CUT firman convenio para potenciar la educaci\u00f3n y el desarrollo profesional en Ecuador"},"content":{"rendered":"<p>Guayaquil.- En una significativa colaboraci\u00f3n para promover el acceso a la educaci\u00f3n y el desarrollo profesional, la Universidad Tecnol\u00f3gica Empresarial de Guayaquil (UTEG) y la Central \u00danica de Trabajadores (CUT) firmaron un convenio que busca establecer actividades conjuntas en investigaci\u00f3n, capacitaci\u00f3n profesional, pr\u00e1cticas preprofesionales y pasant\u00edas.<\/p>\n<p>El acuerdo fue suscrito en las instalaciones de UTEG por la Dra. Mara Cabanilla, Rectora de UTEG, y el Abg. Richard G\u00f3mez Lozano, Presidente de la CUT. Este acuerdo representa un paso importante para potenciar la formaci\u00f3n de los estudiantes y facilitar su inserci\u00f3n en el mercado laboral.<\/p>\n<p>El Dr. Pablo Beltr\u00e1n, Presidente del Consejo de Educaci\u00f3n Superior, actu\u00f3 como Testigo de Honor, subrayando la importancia de esta alianza en el contexto educativo del pa\u00eds.<\/p>\n<p>La colaboraci\u00f3n entre UTEG y CUT permitir\u00e1 acceder a una variedad de oportunidades de formaci\u00f3n y desarrollo para el fortalecimiento de los perfiles profesionales, contribuyendo as\u00ed al crecimiento de la fuerza laboral en Ecuador.<\/p>\n","protected":false},"excerpt":{"rendered":"<p>Guayaquil.- En una significativa colaboraci\u00f3n para promover el acceso a la educaci\u00f3n y el desarrollo profesional, la Universidad Tecnol\u00f3gica Empresarial de Guayaquil (UTEG) y la Central \u00danica de Trabajadores (CUT) firmaron un convenio que busca establecer actividades conjuntas en investigaci\u00f3n, capacitaci\u00f3n profesional, pr\u00e1cticas preprofesionales y pasant\u00edas. El acuerdo fue suscrito en las instalaciones de UTEG [&hellip;]<\/p>\n","protected":false},"author":2,"featured_media":20290,"comment_status":"open","ping_status":"closed","sticky":false,"template":"","format":"standard","meta":{"_jetpack_memberships_contains_paid_content":false,"footnotes":""},"categories":[13],"tags":[3205,3137],"class_list":["post-20289","post","type-post","status-publish","format-standard","has-post-thumbnail","hentry","category-noticias-nacionales","tag-central-unica-de-trabajadores","tag-universidad-tecnologica-empresarial-de-guayaquil"],"jetpack_featured_media_url":"https:\/\/radiocresatelital.com\/wp-content\/uploads\/2024\/10\/main-picture.png","jetpack_sharing_enabled":true,"_links":{"self":[{"href":"https:\/\/radiocresatelital.com\/index.php?rest_route=\/wp\/v2\/posts\/20289","targetHints":{"allow":["GET"]}}],"collection":[{"href":"https:\/\/radiocresatelital.com\/index.php?rest_route=\/wp\/v2\/posts"}],"about":[{"href":"https:\/\/radiocresatelital.com\/index.php?rest_route=\/wp\/v2\/types\/post"}],"author":[{"embeddable":true,"href":"https:\/\/radiocresatelital.com\/index.php?rest_route=\/wp\/v2\/users\/2"}],"replies":[{"embeddable":true,"href":"https:\/\/radiocresatelital.com\/index.php?rest_route=%2Fwp%2Fv2%2Fcomments&post=20289"}],"version-history":[{"count":1,"href":"https:\/\/radiocresatelital.com\/index.php?rest_route=\/wp\/v2\/posts\/20289\/revisions"}],"predecessor-version":[{"id":20291,"href":"https:\/\/radiocresatelital.com\/index.php?rest_route=\/wp\/v2\/posts\/20289\/revisions\/20291"}],"wp:featuredmedia":[{"embeddable":true,"href":"https:\/\/radiocresatelital.com\/index.php?rest_route=\/wp\/v2\/media\/20290"}],"wp:attachment":[{"href":"https:\/\/radiocresatelital.com\/index.php?rest_route=%2Fwp%2Fv2%2Fmedia&parent=20289"}],"wp:term":[{"taxonomy":"category","embeddable":true,"href":"https:\/\/radiocresatelital.com\/index.php?rest_route=%2Fwp%2Fv2%2Fcategories&post=20289"},{"taxonomy":"post_tag","embeddable":true,"href":"https:\/\/radiocresatelital.com\/index.php?rest_route=%2Fwp%2Fv2%2Ftags&post=20289"}],"curies":[{"name":"wp","href":"https:\/\/api.w.org\/{rel}","templated":true}]}}