{"id":20287,"date":"2024-10-25T21:51:44","date_gmt":"2024-10-25T21:51:44","guid":{"rendered":"https:\/\/radiocresatelital.com\/?p=20287"},"modified":"2024-10-25T21:51:44","modified_gmt":"2024-10-25T21:51:44","slug":"concejo-municipal-conocio-sobre-expropiaciones-para-el-desarrollo-de-obra-publica-en-sectores-populares","status":"publish","type":"post","link":"https:\/\/radiocresatelital.com\/?p=20287","title":{"rendered":"Concejo Municipal conoci\u00f3 sobre expropiaciones para el desarrollo de obra p\u00fablica en sectores populares"},"content":{"rendered":"<p>Guayaquil.- El Concejo Municipal, liderado por el Alcalde Aquiles \u00c1lvarez, conoci\u00f3 la declaratoria de utilidad p\u00fablica con fines de expropiaci\u00f3n a favor del Cabildo porte\u00f1o, para el desarrollo de obra p\u00fablica en beneficio de los habitantes de la Perimetral Oeste y la cooperativa Valle de la Flor, en el noroeste de la ciudad.<\/p>\n<p>En sesi\u00f3n extraordinaria se inform\u00f3 que hay predios afectados parcialmente por el proyecto denominado \u201cpavimentaci\u00f3n de calles; incluye obras de urbanismo y alcantarillado pluvial en el sector perimetral oeste-coop. Valle de la Flor, pol\u00edgono 4, programa CAF XVI\u201d.<\/p>\n<p>\u201cHemos volado antes de que inicien las lluvias, si es que inician, para prevenir malos momentos en todos esos sectores olvidados de Guayaquil, por eso las maquinarias del Muy Ilustre Municipio y los contratistas que ganaron su contrato est\u00e1n activos en diferentes frentes, priorizando al Guayaquil lejano que para nosotros es el m\u00e1s importante\u201d, destac\u00f3 el personero municipal.<\/p>\n<p>La concejala Ana Fuentes explic\u00f3 que, aunque se hacen peque\u00f1as expropiaciones a varias viviendas, son miles las familias beneficiadas por la obra<br \/>\np\u00fablica. \u201cEn este sector, en invierno es lodo y en el verano full polvo, con esta gran obra esto se acaba y los predios ganan m\u00e1s plusval\u00eda\u201d, destac\u00f3.<br \/>\nReacci\u00f3n a los apagones.<\/p>\n<p>En el marco de la sesi\u00f3n, el cuerpo edilicio reaccion\u00f3 al escenario de apagones por 14 horas en el pa\u00eds, situaci\u00f3n que afecta a la ciudad m\u00e1s poblada del pa\u00eds.<\/p>\n<p>La vicealcaldesa Blanca L\u00f3pez expres\u00f3 su solidaridad con el pa\u00eds y la urbe. \u201cDificulta a\u00fan m\u00e1s la reactivaci\u00f3n econ\u00f3mica de las familias guayaquile\u00f1as y de todo el pa\u00eds\u201d.<\/p>\n<p>Tambi\u00e9n, el concejal Arturo Escala refiri\u00f3 que es necesaria la creaci\u00f3n de una entidad o empresa p\u00fablica para generar energ\u00eda en la ciudad. El Alcalde<br \/>\nrespondi\u00f3: \u201cya tenemos 3 semanas trabajando en la estructura de la ordenanza (\u2026) tenemos que analizar bien la normativa, la regulaci\u00f3n, as\u00ed que estamos encaminados a eso\u201d.<\/p>\n","protected":false},"excerpt":{"rendered":"<p>Guayaquil.- El Concejo Municipal, liderado por el Alcalde Aquiles \u00c1lvarez, conoci\u00f3 la declaratoria de utilidad p\u00fablica con fines de expropiaci\u00f3n a favor del Cabildo porte\u00f1o, para el desarrollo de obra p\u00fablica en beneficio de los habitantes de la Perimetral Oeste y la cooperativa Valle de la Flor, en el noroeste de la ciudad. En sesi\u00f3n [&hellip;]<\/p>\n","protected":false},"author":2,"featured_media":19083,"comment_status":"open","ping_status":"closed","sticky":false,"template":"","format":"standard","meta":{"_jetpack_memberships_contains_paid_content":false,"footnotes":""},"categories":[13],"tags":[2093],"class_list":["post-20287","post","type-post","status-publish","format-standard","has-post-thumbnail","hentry","category-noticias-nacionales","tag-concejo-municipal-de-guayaquil"],"jetpack_featured_media_url":"https:\/\/radiocresatelital.com\/wp-content\/uploads\/2024\/09\/concejo-municipal-aprueba-renovacion-convenio-armada-administracion-muelle-municipal-puna13.jpg","jetpack_sharing_enabled":true,"_links":{"self":[{"href":"https:\/\/radiocresatelital.com\/index.php?rest_route=\/wp\/v2\/posts\/20287","targetHints":{"allow":["GET"]}}],"collection":[{"href":"https:\/\/radiocresatelital.com\/index.php?rest_route=\/wp\/v2\/posts"}],"about":[{"href":"https:\/\/radiocresatelital.com\/index.php?rest_route=\/wp\/v2\/types\/post"}],"author":[{"embeddable":true,"href":"https:\/\/radiocresatelital.com\/index.php?rest_route=\/wp\/v2\/users\/2"}],"replies":[{"embeddable":true,"href":"https:\/\/radiocresatelital.com\/index.php?rest_route=%2Fwp%2Fv2%2Fcomments&post=20287"}],"version-history":[{"count":1,"href":"https:\/\/radiocresatelital.com\/index.php?rest_route=\/wp\/v2\/posts\/20287\/revisions"}],"predecessor-version":[{"id":20288,"href":"https:\/\/radiocresatelital.com\/index.php?rest_route=\/wp\/v2\/posts\/20287\/revisions\/20288"}],"wp:featuredmedia":[{"embeddable":true,"href":"https:\/\/radiocresatelital.com\/index.php?rest_route=\/wp\/v2\/media\/19083"}],"wp:attachment":[{"href":"https:\/\/radiocresatelital.com\/index.php?rest_route=%2Fwp%2Fv2%2Fmedia&parent=20287"}],"wp:term":[{"taxonomy":"category","embeddable":true,"href":"https:\/\/radiocresatelital.com\/index.php?rest_route=%2Fwp%2Fv2%2Fcategories&post=20287"},{"taxonomy":"post_tag","embeddable":true,"href":"https:\/\/radiocresatelital.com\/index.php?rest_route=%2Fwp%2Fv2%2Ftags&post=20287"}],"curies":[{"name":"wp","href":"https:\/\/api.w.org\/{rel}","templated":true}]}}