{"id":20278,"date":"2024-10-25T21:38:49","date_gmt":"2024-10-25T21:38:49","guid":{"rendered":"https:\/\/radiocresatelital.com\/?p=20278"},"modified":"2024-10-25T21:38:49","modified_gmt":"2024-10-25T21:38:49","slug":"presidente-daniel-noboa-da-la-bienvenida-a-nuevo-uniformados-en-el-marco-de-los-104-anos-de-creacion-de-la-aviacion-civil","status":"publish","type":"post","link":"https:\/\/radiocresatelital.com\/?p=20278","title":{"rendered":"Presidente Daniel Noboa da la bienvenida a nuevo Uniformados en el marco de los 104 a\u00f1os de creaci\u00f3n de la Aviaci\u00f3n Civil"},"content":{"rendered":"<p>Quito.- El Presidente de la Rep\u00fablica, Daniel Noboa Azin particip\u00f3 en la conmemoraci\u00f3n de los 104 a\u00f1os de creaci\u00f3n de la Aviaci\u00f3n Nacional y D\u00eda de la Fuerza A\u00e9rea Ecuatoriana. El acto formal se llev\u00f3 a cabo este 25 de octubre en la Base A\u00e9rea Mariscal Sucre de Quito. Como parte de este acto, nuevos uniformados se sumaron a las filas de las fuerzas del orden que velan por la paz y seguridad de la ciudadan\u00eda.<\/p>\n<p>Durante su discurso, el Mandatario se refiri\u00f3 a los uniformados y nuevos miembros: \u201cNuestro gobierno cuenta con ustedes porque somos testigos de su compromiso con la patria\u201d. En ese sentido, agradeci\u00f3 su compromiso por actuar inmediatamente en defensa de los ecuatorianos y la patria, tanto ante incendios y fen\u00f3menos naturales, como en la lucha contra el narcoterrorismo y el crimen organizado.<\/p>\n<p>En ese sentido, los exhort\u00f3 a no dejarse tentar por los tent\u00e1culos de la corrupci\u00f3n y el narcotr\u00e1fico, record\u00e1ndoles que: \u201cconfiamos en cada uno de ustedes: sus hijos, sus familias y el Nuevo Ecuador conf\u00eda en ustedes\u201d.<\/p>\n<p>Por su parte, el comandante General de la Fuerza A\u00e9rea, Celiano Cevallos Calder\u00f3n, se\u00f1al\u00f3, entre otros logros significativos de la instituci\u00f3n bajo el liderazgo del presidente Noboa, la inhabilitaci\u00f3n de m\u00e1s de 30 pistas clandestinas o \u00e1reas relacionadas al narcotr\u00e1fico. Esto, enfatiz\u00f3, \u201cha permitido reducir dr\u00e1sticamente este tipo de vuelos que alimentan las finanzas del crimen organizado transnacional\u201d.<\/p>\n<p>En el marco de este evento, adem\u00e1s, se realiz\u00f3 la graduaci\u00f3n de 10 tenientes especialistas, 16 subtenientes pilotos y 20 subtenientes t\u00e9cnicos, quienes luego de una exigente formaci\u00f3n, ahora ser\u00e1n parte activa de la lucha contra los grupos de delincuencia organizada. \u201cTengan la certeza de que nuestro gobierno continuar\u00e1 apoy\u00e1ndolos en su formaci\u00f3n y en cada una de sus arriesgadas misiones\u201d, subray\u00f3 el Jefe de Estado<\/p>\n","protected":false},"excerpt":{"rendered":"<p>Quito.- El Presidente de la Rep\u00fablica, Daniel Noboa Azin particip\u00f3 en la conmemoraci\u00f3n de los 104 a\u00f1os de creaci\u00f3n de la Aviaci\u00f3n Nacional y D\u00eda de la Fuerza A\u00e9rea Ecuatoriana. El acto formal se llev\u00f3 a cabo este 25 de octubre en la Base A\u00e9rea Mariscal Sucre de Quito. Como parte de este acto, nuevos [&hellip;]<\/p>\n","protected":false},"author":2,"featured_media":20279,"comment_status":"open","ping_status":"closed","sticky":false,"template":"","format":"standard","meta":{"_jetpack_memberships_contains_paid_content":false,"footnotes":""},"categories":[13],"tags":[1322],"class_list":["post-20278","post","type-post","status-publish","format-standard","has-post-thumbnail","hentry","category-noticias-nacionales","tag-presidente-daniel-noboa"],"jetpack_featured_media_url":"https:\/\/radiocresatelital.com\/wp-content\/uploads\/2024\/10\/54093453528_c9360acec4_c.jpg","jetpack_sharing_enabled":true,"_links":{"self":[{"href":"https:\/\/radiocresatelital.com\/index.php?rest_route=\/wp\/v2\/posts\/20278","targetHints":{"allow":["GET"]}}],"collection":[{"href":"https:\/\/radiocresatelital.com\/index.php?rest_route=\/wp\/v2\/posts"}],"about":[{"href":"https:\/\/radiocresatelital.com\/index.php?rest_route=\/wp\/v2\/types\/post"}],"author":[{"embeddable":true,"href":"https:\/\/radiocresatelital.com\/index.php?rest_route=\/wp\/v2\/users\/2"}],"replies":[{"embeddable":true,"href":"https:\/\/radiocresatelital.com\/index.php?rest_route=%2Fwp%2Fv2%2Fcomments&post=20278"}],"version-history":[{"count":1,"href":"https:\/\/radiocresatelital.com\/index.php?rest_route=\/wp\/v2\/posts\/20278\/revisions"}],"predecessor-version":[{"id":20280,"href":"https:\/\/radiocresatelital.com\/index.php?rest_route=\/wp\/v2\/posts\/20278\/revisions\/20280"}],"wp:featuredmedia":[{"embeddable":true,"href":"https:\/\/radiocresatelital.com\/index.php?rest_route=\/wp\/v2\/media\/20279"}],"wp:attachment":[{"href":"https:\/\/radiocresatelital.com\/index.php?rest_route=%2Fwp%2Fv2%2Fmedia&parent=20278"}],"wp:term":[{"taxonomy":"category","embeddable":true,"href":"https:\/\/radiocresatelital.com\/index.php?rest_route=%2Fwp%2Fv2%2Fcategories&post=20278"},{"taxonomy":"post_tag","embeddable":true,"href":"https:\/\/radiocresatelital.com\/index.php?rest_route=%2Fwp%2Fv2%2Ftags&post=20278"}],"curies":[{"name":"wp","href":"https:\/\/api.w.org\/{rel}","templated":true}]}}