{"id":2015,"date":"2023-08-04T21:37:03","date_gmt":"2023-08-04T21:37:03","guid":{"rendered":"https:\/\/radiocresatelital.com\/?p=2015"},"modified":"2023-08-04T21:37:03","modified_gmt":"2023-08-04T21:37:03","slug":"hospital-teofilo-davila-brinda-atencion-oportuna-en-casos-de-violencia-de-genero","status":"publish","type":"post","link":"https:\/\/radiocresatelital.com\/?p=2015","title":{"rendered":"Hospital Te\u00f3filo D\u00e1vila brinda atenci\u00f3n oportuna en casos de violencia de g\u00e9nero"},"content":{"rendered":"<p>Machala.- La Sala de la Primera Acogida del Hospital General Te\u00f3filo D\u00e1vila de Machala, provincia de El Oro, brinda atenci\u00f3n de manera oportuna y garantiza el bienestar de los pacientes en el caso de violencia de g\u00e9nero.<\/p>\n<p>Mar\u00eda del Carmen Lituma, responsable de la Sala de la Primera Acogida, expres\u00f3 que se atiende pacientes que son v\u00edctimas de agresiones sexuales y violencia intrafamiliar, las cuales necesitan de asistencia m\u00e9dica y psicol\u00f3gica.<\/p>\n<p>\u201cLa sala brinda toda la asistencia necesaria e incluso se realiza un trabajo articulado con otras instituciones, para que se tome el procedimiento correspondiente. As\u00ed mismo, se ofrece el soporte t\u00e9cnico a las v\u00edctimas y a los familiares, para que los procedimientos legales vayan enmarcados en la ley\u201d, expres\u00f3 Lituma.<\/p>\n<p>Una de las beneficiarias es Victoria (nombre ficticio). Ella comenta que en la Sala de la Primera Acogida del Hospital Te\u00f3filo D\u00e1vila tuvo ayuda profesional y la orientaci\u00f3n necesaria. La paciente acude dos veces por semana a recibir terapias psicol\u00f3gicas.<\/p>\n<p>\u201cAqu\u00ed me atendi\u00f3 un equipo multidisciplinario. La atenci\u00f3n psicol\u00f3gica siempre es buena al final del camino, encontrar una luz y esas personas est\u00e1n aqu\u00ed\u201d, subray\u00f3.<\/p>\n<p>De enero a julio de 2023, la sala de Primera Acogida registra 209 atenciones de violencia intrafamiliar y sexual durante el 2023. De ellos, 88 casos por violencia psicol\u00f3gica, 72 por violencia sexual y 21 por violencia de g\u00e9nero, entre otras.<\/p>\n","protected":false},"excerpt":{"rendered":"<p>Machala.- La Sala de la Primera Acogida del Hospital General Te\u00f3filo D\u00e1vila de Machala, provincia de El Oro, brinda atenci\u00f3n de manera oportuna y garantiza el bienestar de los pacientes en el caso de violencia de g\u00e9nero. Mar\u00eda del Carmen Lituma, responsable de la Sala de la Primera Acogida, expres\u00f3 que se atiende pacientes que [&hellip;]<\/p>\n","protected":false},"author":2,"featured_media":2016,"comment_status":"open","ping_status":"closed","sticky":false,"template":"","format":"standard","meta":{"_jetpack_memberships_contains_paid_content":false,"footnotes":""},"categories":[13],"tags":[448],"class_list":["post-2015","post","type-post","status-publish","format-standard","has-post-thumbnail","hentry","category-noticias-nacionales","tag-hospital-teofilo-davila"],"jetpack_featured_media_url":"https:\/\/radiocresatelital.com\/wp-content\/uploads\/2023\/08\/f3da777c-af37-4fe1-8d1e-6ee1059bb888.jpg","jetpack_sharing_enabled":true,"_links":{"self":[{"href":"https:\/\/radiocresatelital.com\/index.php?rest_route=\/wp\/v2\/posts\/2015","targetHints":{"allow":["GET"]}}],"collection":[{"href":"https:\/\/radiocresatelital.com\/index.php?rest_route=\/wp\/v2\/posts"}],"about":[{"href":"https:\/\/radiocresatelital.com\/index.php?rest_route=\/wp\/v2\/types\/post"}],"author":[{"embeddable":true,"href":"https:\/\/radiocresatelital.com\/index.php?rest_route=\/wp\/v2\/users\/2"}],"replies":[{"embeddable":true,"href":"https:\/\/radiocresatelital.com\/index.php?rest_route=%2Fwp%2Fv2%2Fcomments&post=2015"}],"version-history":[{"count":1,"href":"https:\/\/radiocresatelital.com\/index.php?rest_route=\/wp\/v2\/posts\/2015\/revisions"}],"predecessor-version":[{"id":2017,"href":"https:\/\/radiocresatelital.com\/index.php?rest_route=\/wp\/v2\/posts\/2015\/revisions\/2017"}],"wp:featuredmedia":[{"embeddable":true,"href":"https:\/\/radiocresatelital.com\/index.php?rest_route=\/wp\/v2\/media\/2016"}],"wp:attachment":[{"href":"https:\/\/radiocresatelital.com\/index.php?rest_route=%2Fwp%2Fv2%2Fmedia&parent=2015"}],"wp:term":[{"taxonomy":"category","embeddable":true,"href":"https:\/\/radiocresatelital.com\/index.php?rest_route=%2Fwp%2Fv2%2Fcategories&post=2015"},{"taxonomy":"post_tag","embeddable":true,"href":"https:\/\/radiocresatelital.com\/index.php?rest_route=%2Fwp%2Fv2%2Ftags&post=2015"}],"curies":[{"name":"wp","href":"https:\/\/api.w.org\/{rel}","templated":true}]}}