{"id":20131,"date":"2024-10-20T20:20:01","date_gmt":"2024-10-20T20:20:01","guid":{"rendered":"https:\/\/radiocresatelital.com\/?p=20131"},"modified":"2024-10-20T20:21:29","modified_gmt":"2024-10-20T20:21:29","slug":"penafiel-tercera-en-la-clasificacion-sub-23-torres-quinta-en-la-elite-de-la-vuelta-a-costa-rica","status":"publish","type":"post","link":"https:\/\/radiocresatelital.com\/?p=20131","title":{"rendered":"Pe\u00f1afiel, tercera en la clasificaci\u00f3n Sub 23, Torres, quinta en la \u00e9lite de la Vuelta a Costa Rica"},"content":{"rendered":"<p>San Jos\u00e9.- La Vuelta Femenina Internacional a Costa Rica finaliz\u00f3 este domingo, despu\u00e9s de cuatro etapas, por la zona sur de este pa\u00eds. Las ciclistas del Movistar Best PC, Marcela Pe\u00f1afiel y Ana Mar\u00eda Torres tuvieron una destacada actuaci\u00f3n.<\/p>\n<p>Pe\u00f1afiel, de 20 a\u00f1os, se ubic\u00f3 en el tercer lugar de la clasificaci\u00f3n Sub 23; mientras que Ana Mar\u00eda Torres, de 31 a\u00f1os, termin\u00f3 en quinta posici\u00f3n de la categor\u00eda \u00e9lite.<\/p>\n<p>La \u2018Marce\u2019 altern\u00f3 en el podio de la categor\u00eda durante las cuatro jornadas de la competencia. En la tercera ascendi\u00f3 al segundo lugar y en la etapa de hoy hizo podio y termin\u00f3 con la medalla de bronce.<\/p>\n<p>Torres, por su parte, se encendi\u00f3 en las dos \u00faltimas jornadas, donde fue protagonista en el pelot\u00f3n de las l\u00edderes. Su mejor d\u00eda fue el s\u00e1bado, donde lider\u00f3 el pelot\u00f3n y se consolid\u00f3 en quinto lugar de la clasificaci\u00f3n.<\/p>\n<p>Natalia V\u00e1zquez, mientras tanto, finaliz\u00f3 la competencia en sexto lugar. Su diferencia final fue de 14:03.<br \/>\nOtra de las ciclistas del equipo continental ecuatoriano que form\u00f3 parte del evento fue Camila Vega. La ciclista, de 19 a\u00f1os, abandon\u00f3 la prueba en la segunda jornada.<\/p>\n<p><strong>Vuelta a Costa Rica<\/strong><br \/>\n<strong>Sub 23<\/strong><br \/>\n3.- Marcela Pe\u00f1afiel a 01:49<br \/>\n6.- Natalia V\u00e1squez a 14:03<\/p>\n<p><strong>\u00c9lite<\/strong><br \/>\n5.- Ana Torres a 04:47<br \/>\n27.- Mait\u00e9 S\u00e1nchez a 34:30<\/p>\n","protected":false},"excerpt":{"rendered":"<p>San Jos\u00e9.- La Vuelta Femenina Internacional a Costa Rica finaliz\u00f3 este domingo, despu\u00e9s de cuatro etapas, por la zona sur de este pa\u00eds. Las ciclistas del Movistar Best PC, Marcela Pe\u00f1afiel y Ana Mar\u00eda Torres tuvieron una destacada actuaci\u00f3n. Pe\u00f1afiel, de 20 a\u00f1os, se ubic\u00f3 en el tercer lugar de la clasificaci\u00f3n Sub 23; mientras [&hellip;]<\/p>\n","protected":false},"author":2,"featured_media":20132,"comment_status":"open","ping_status":"closed","sticky":false,"template":"","format":"standard","meta":{"_jetpack_memberships_contains_paid_content":false,"footnotes":""},"categories":[120,9],"tags":[1029],"class_list":["post-20131","post","type-post","status-publish","format-standard","has-post-thumbnail","hentry","category-ciclismo","category-deportes","tag-movistar-best-pc"],"jetpack_featured_media_url":"https:\/\/radiocresatelital.com\/wp-content\/uploads\/2024\/10\/WhatsApp-Image-2024-10-20-at-15.16.28.jpeg","jetpack_sharing_enabled":true,"_links":{"self":[{"href":"https:\/\/radiocresatelital.com\/index.php?rest_route=\/wp\/v2\/posts\/20131","targetHints":{"allow":["GET"]}}],"collection":[{"href":"https:\/\/radiocresatelital.com\/index.php?rest_route=\/wp\/v2\/posts"}],"about":[{"href":"https:\/\/radiocresatelital.com\/index.php?rest_route=\/wp\/v2\/types\/post"}],"author":[{"embeddable":true,"href":"https:\/\/radiocresatelital.com\/index.php?rest_route=\/wp\/v2\/users\/2"}],"replies":[{"embeddable":true,"href":"https:\/\/radiocresatelital.com\/index.php?rest_route=%2Fwp%2Fv2%2Fcomments&post=20131"}],"version-history":[{"count":1,"href":"https:\/\/radiocresatelital.com\/index.php?rest_route=\/wp\/v2\/posts\/20131\/revisions"}],"predecessor-version":[{"id":20133,"href":"https:\/\/radiocresatelital.com\/index.php?rest_route=\/wp\/v2\/posts\/20131\/revisions\/20133"}],"wp:featuredmedia":[{"embeddable":true,"href":"https:\/\/radiocresatelital.com\/index.php?rest_route=\/wp\/v2\/media\/20132"}],"wp:attachment":[{"href":"https:\/\/radiocresatelital.com\/index.php?rest_route=%2Fwp%2Fv2%2Fmedia&parent=20131"}],"wp:term":[{"taxonomy":"category","embeddable":true,"href":"https:\/\/radiocresatelital.com\/index.php?rest_route=%2Fwp%2Fv2%2Fcategories&post=20131"},{"taxonomy":"post_tag","embeddable":true,"href":"https:\/\/radiocresatelital.com\/index.php?rest_route=%2Fwp%2Fv2%2Ftags&post=20131"}],"curies":[{"name":"wp","href":"https:\/\/api.w.org\/{rel}","templated":true}]}}