{"id":20106,"date":"2024-10-19T20:04:29","date_gmt":"2024-10-19T20:04:29","guid":{"rendered":"https:\/\/radiocresatelital.com\/?p=20106"},"modified":"2024-10-19T22:07:07","modified_gmt":"2024-10-19T22:07:07","slug":"ism-destaca-como-la-primera-institucion-educativa-en-obtener-la-certificacion-punto-verde-en-el-ecuador","status":"publish","type":"post","link":"https:\/\/radiocresatelital.com\/?p=20106","title":{"rendered":"ISM destaca como la primera instituci\u00f3n educativa en obtener la Certificaci\u00f3n Punto Verde en el Ecuador"},"content":{"rendered":"<p>Quito.- El Colegio ISM (International Scholastic Model) promueve un modelo educativo y de gesti\u00f3n comprometido con la sostenibilidad y el uso eficiente de recursos, integrando pr\u00e1cticas amigables con el ambiente en sus actividades diarias como en su curr\u00edculum acad\u00e9mico. Gracias a ello, se convirti\u00f3 en la primera instituci\u00f3n educativa en obtener la Certificaci\u00f3n Punto Verde, que es otorgado por el Ministerio de Ambiente, Agua y Transici\u00f3n Ecol\u00f3gica (MAATE).<\/p>\n<p>Esta certificaci\u00f3n es un reconocimiento del MAATE, para estimular a las empresas, industrias y organizaciones a implementar pr\u00e1cticas sostenibles en procesos, servicios y proyectos. Aurora Vinueza, Gerente General de Innovu Group, el holding corporativo al que pertenece ISM, destaca que este logro no solo fortalece el liderazgo del colegio en educaci\u00f3n sostenible, sino que tambi\u00e9n motiva a otras instituciones a impulsar acciones de responsabilidad social y ambiental.<\/p>\n<p>\u201cEn la actualidad, ISM promueve iniciativas de reciclaje, consumo responsable del agua, uso eficiente de energ\u00eda y una formaci\u00f3n acad\u00e9mica alineada a los Objetivos de Desarrollo Sostenible. Al involucrar a estudiantes, docentes y personal administrativo, ISM contribuye a la formaci\u00f3n de ciudadanos conscientes y comprometidos con el cuidado del entorno, promoviendo un mundo sostenible\u201d, explica Aurora Vinueza.<\/p>\n<p>Para alcanzar este distintivo, ISM atraves\u00f3 un proceso de evaluaci\u00f3n por parte de ICEA, una consultora calificada por el MAATE para verificar el cumplimiento de buenas pr\u00e1cticas. Durante este proceso, la instituci\u00f3n implement\u00f3 varias propuestas para fortalecer su compromiso con la sostenibilidad, como: instalaci\u00f3n de paneles solares, implementaci\u00f3n de un sistema de riego de \u00e1reas verdes por goteo, adopci\u00f3n de pol\u00edticas de ahorro de energ\u00eda y la clasificaci\u00f3n y gesti\u00f3n de residuos acorde a la norma INEN-2841.<\/p>\n<p>En ISM, Los estudiantes son alentados a pensar de forma cr\u00edtica sobre los desaf\u00edos globales, como el cambio clim\u00e1tico, la conservaci\u00f3n de recursos y la equidad social. En este contexto, el colegio forma ciudadanos responsables, conscientes de su impacto ambiental y motivados para contribuir positivamente a sus comunidades y al planeta.<\/p>\n<p>Esta visi\u00f3n ha permitido que ISM tambi\u00e9n alcance distinciones a escala internacional. En 2022, CIFAL M\u00e1laga (Centro Internacional de Formaci\u00f3n de Autoridades y L\u00edderes), un centro dependiente del Instituto de las Naciones Unidas para la Formaci\u00f3n Profesional y la Investigaci\u00f3n (UNITAR), le otorg\u00f3 el Reconocimiento Honor\u00edfico ODS por su valioso aporte en la formaci\u00f3n acad\u00e9mica alineada a la Agenda 2030.<\/p>\n<p>Con este logro, ISM ratifica su compromiso con la sostenibilidad y la educaci\u00f3n integral. A futuro, la instituci\u00f3n se proyecta como un actor estrat\u00e9gico en la promoci\u00f3n del desarrollo sostenible a nivel nacional, a trav\u00e9s de la generaci\u00f3n de alianzas estrat\u00e9gicas y la promoci\u00f3n de iniciativas de alto impacto.<\/p>\n","protected":false},"excerpt":{"rendered":"<p>Quito.- El Colegio ISM (International Scholastic Model) promueve un modelo educativo y de gesti\u00f3n comprometido con la sostenibilidad y el uso eficiente de recursos, integrando pr\u00e1cticas amigables con el ambiente en sus actividades diarias como en su curr\u00edculum acad\u00e9mico. Gracias a ello, se convirti\u00f3 en la primera instituci\u00f3n educativa en obtener la Certificaci\u00f3n Punto Verde, [&hellip;]<\/p>\n","protected":false},"author":2,"featured_media":20107,"comment_status":"open","ping_status":"closed","sticky":false,"template":"","format":"standard","meta":{"_jetpack_memberships_contains_paid_content":false,"footnotes":""},"categories":[13],"tags":[3179],"class_list":["post-20106","post","type-post","status-publish","format-standard","has-post-thumbnail","hentry","category-noticias-nacionales","tag-international-scholastic-model"],"jetpack_featured_media_url":"https:\/\/radiocresatelital.com\/wp-content\/uploads\/2024\/10\/WhatsApp-Image-2024-10-18-at-12.56.45.jpeg","jetpack_sharing_enabled":true,"_links":{"self":[{"href":"https:\/\/radiocresatelital.com\/index.php?rest_route=\/wp\/v2\/posts\/20106","targetHints":{"allow":["GET"]}}],"collection":[{"href":"https:\/\/radiocresatelital.com\/index.php?rest_route=\/wp\/v2\/posts"}],"about":[{"href":"https:\/\/radiocresatelital.com\/index.php?rest_route=\/wp\/v2\/types\/post"}],"author":[{"embeddable":true,"href":"https:\/\/radiocresatelital.com\/index.php?rest_route=\/wp\/v2\/users\/2"}],"replies":[{"embeddable":true,"href":"https:\/\/radiocresatelital.com\/index.php?rest_route=%2Fwp%2Fv2%2Fcomments&post=20106"}],"version-history":[{"count":1,"href":"https:\/\/radiocresatelital.com\/index.php?rest_route=\/wp\/v2\/posts\/20106\/revisions"}],"predecessor-version":[{"id":20108,"href":"https:\/\/radiocresatelital.com\/index.php?rest_route=\/wp\/v2\/posts\/20106\/revisions\/20108"}],"wp:featuredmedia":[{"embeddable":true,"href":"https:\/\/radiocresatelital.com\/index.php?rest_route=\/wp\/v2\/media\/20107"}],"wp:attachment":[{"href":"https:\/\/radiocresatelital.com\/index.php?rest_route=%2Fwp%2Fv2%2Fmedia&parent=20106"}],"wp:term":[{"taxonomy":"category","embeddable":true,"href":"https:\/\/radiocresatelital.com\/index.php?rest_route=%2Fwp%2Fv2%2Fcategories&post=20106"},{"taxonomy":"post_tag","embeddable":true,"href":"https:\/\/radiocresatelital.com\/index.php?rest_route=%2Fwp%2Fv2%2Ftags&post=20106"}],"curies":[{"name":"wp","href":"https:\/\/api.w.org\/{rel}","templated":true}]}}