{"id":20092,"date":"2024-10-19T19:32:42","date_gmt":"2024-10-19T19:32:42","guid":{"rendered":"https:\/\/radiocresatelital.com\/?p=20092"},"modified":"2024-10-19T19:32:42","modified_gmt":"2024-10-19T19:32:42","slug":"operativos-de-control-en-piladoras-del-guayas-se-ejecutan-bajo-disposicion-del-gobernador","status":"publish","type":"post","link":"https:\/\/radiocresatelital.com\/?p=20092","title":{"rendered":"Operativos de control en piladoras del Guayas se ejecutan bajo disposici\u00f3n del Gobernador"},"content":{"rendered":"<p>Por disposici\u00f3n del se\u00f1or Gobernador del Guayas, Ab. Vicente Auad, el Intendente de Polic\u00eda Ab. Jos\u00e9 Freire, ha intensificado los operativos de control en piladoras, con el objetivo de garantizar el cumplimiento de las normativas y proteger a los agricultores, as\u00ed como a consumidores.<\/p>\n<p>Estas acciones se llevan a cabo en coordinaci\u00f3n con el Ministerio de Agricultura, el Servicio de Rentas Internas (SRI) y la Polic\u00eda Nacional.<\/p>\n<p>En esta semana se realizaron dos operativos, en los cantones de Daule y Salitre. Estos controles sirven para verificar permisos de funcionamiento emitidos por el Ministerio de Agricultura y el estado de la facturaci\u00f3n con el SRI.<\/p>\n<p>Como resultado, se cit\u00f3 a dos piladoras por permisos de funcionamiento caducados, por una balanza sin el certificado actualizado del INEN y otra que no contaba con el certificado de medici\u00f3n de la humedad del arroz, instrumento esencial para la compra a los agricultores.<\/p>\n<p>La Gobernaci\u00f3n a trav\u00e9s del Intendente de Polic\u00eda, reafirm\u00f3 el compromiso de continuar con estos operativos en toda la provincia.<\/p>\n","protected":false},"excerpt":{"rendered":"<p>Por disposici\u00f3n del se\u00f1or Gobernador del Guayas, Ab. Vicente Auad, el Intendente de Polic\u00eda Ab. Jos\u00e9 Freire, ha intensificado los operativos de control en piladoras, con el objetivo de garantizar el cumplimiento de las normativas y proteger a los agricultores, as\u00ed como a consumidores. Estas acciones se llevan a cabo en coordinaci\u00f3n con el Ministerio [&hellip;]<\/p>\n","protected":false},"author":2,"featured_media":20093,"comment_status":"open","ping_status":"closed","sticky":false,"template":"","format":"standard","meta":{"_jetpack_memberships_contains_paid_content":false,"footnotes":""},"categories":[13],"tags":[1370,1844,3178,2212],"class_list":["post-20092","post","type-post","status-publish","format-standard","has-post-thumbnail","hentry","category-noticias-nacionales","tag-gobernador-del-guayas","tag-intendente-de-policia","tag-jose-freire","tag-vicente-auad"],"jetpack_featured_media_url":"https:\/\/radiocresatelital.com\/wp-content\/uploads\/2024\/10\/WhatsApp-Image-2024-10-19-at-14.26.05.jpeg","jetpack_sharing_enabled":true,"_links":{"self":[{"href":"https:\/\/radiocresatelital.com\/index.php?rest_route=\/wp\/v2\/posts\/20092","targetHints":{"allow":["GET"]}}],"collection":[{"href":"https:\/\/radiocresatelital.com\/index.php?rest_route=\/wp\/v2\/posts"}],"about":[{"href":"https:\/\/radiocresatelital.com\/index.php?rest_route=\/wp\/v2\/types\/post"}],"author":[{"embeddable":true,"href":"https:\/\/radiocresatelital.com\/index.php?rest_route=\/wp\/v2\/users\/2"}],"replies":[{"embeddable":true,"href":"https:\/\/radiocresatelital.com\/index.php?rest_route=%2Fwp%2Fv2%2Fcomments&post=20092"}],"version-history":[{"count":1,"href":"https:\/\/radiocresatelital.com\/index.php?rest_route=\/wp\/v2\/posts\/20092\/revisions"}],"predecessor-version":[{"id":20094,"href":"https:\/\/radiocresatelital.com\/index.php?rest_route=\/wp\/v2\/posts\/20092\/revisions\/20094"}],"wp:featuredmedia":[{"embeddable":true,"href":"https:\/\/radiocresatelital.com\/index.php?rest_route=\/wp\/v2\/media\/20093"}],"wp:attachment":[{"href":"https:\/\/radiocresatelital.com\/index.php?rest_route=%2Fwp%2Fv2%2Fmedia&parent=20092"}],"wp:term":[{"taxonomy":"category","embeddable":true,"href":"https:\/\/radiocresatelital.com\/index.php?rest_route=%2Fwp%2Fv2%2Fcategories&post=20092"},{"taxonomy":"post_tag","embeddable":true,"href":"https:\/\/radiocresatelital.com\/index.php?rest_route=%2Fwp%2Fv2%2Ftags&post=20092"}],"curies":[{"name":"wp","href":"https:\/\/api.w.org\/{rel}","templated":true}]}}