{"id":20044,"date":"2024-10-18T00:05:48","date_gmt":"2024-10-18T00:05:48","guid":{"rendered":"https:\/\/radiocresatelital.com\/?p=20044"},"modified":"2024-10-18T00:05:48","modified_gmt":"2024-10-18T00:05:48","slug":"ministerio-de-educacion-convoca-a-la-postulacion-para-vacantes-de-los-departamentos-de-consejeria-estudiantil-dece","status":"publish","type":"post","link":"https:\/\/radiocresatelital.com\/?p=20044","title":{"rendered":"Ministerio de Educaci\u00f3n convoca a la postulaci\u00f3n para vacantes de los Departamentos de Consejer\u00eda Estudiantil \u2013 DECE"},"content":{"rendered":"<p>Quito.-\u00a0Luego de 8 a\u00f1os del \u00faltimo proceso para vincular especialistas DECE realizado en el pa\u00eds, el Ministerio de Educaci\u00f3n convoca a los profesionales en los campos de educaci\u00f3n, ciencias sociales, salud y bienestar, cuyas carreras est\u00e9n asociadas con psicolog\u00eda general, psicolog\u00eda educativa, psicolog\u00eda cl\u00ednica, trabajo social y afines a postularse en el proceso piloto de contrataci\u00f3n de profesionales para los Departamentos de Consejer\u00eda Estudiantil a realizarse a trav\u00e9s del m\u00f3dulo \u201cEduca Empleo para DECE\u201d, hasta el 20 de octubre de 2024.<\/p>\n<p>La contrataci\u00f3n de profesionales para los Departamentos de Consejer\u00eda Estudiantil (DECE) es fundamental para garantizar el bienestar integral de los estudiantes en el sistema educativo, pues desempe\u00f1an un papel crucial en la identificaci\u00f3n, prevenci\u00f3n e intervenci\u00f3n de riesgos psicosociales, que afectan el rendimiento acad\u00e9mico, desarrollo emocional, social y familiar de los estudiantes. Estos riesgos incluyen inestabilidad emocional, conflictos interpersonales, violencia, consumo de sustancias, embarazo adolescente y vulneraci\u00f3n de derechos.<\/p>\n<p><b>Requisitos:\u00a0<\/b>Los aspirantes interesados en ingresar como profesionales de los Departamentos de Consejer\u00eda Estudiantil al Sistema Fiscal deben cumplir con los siguientes requerimientos:<\/p>\n<ul>\n<li>a. Contar, al menos, con un t\u00edtulo de tercer nivel t\u00e9cnico o tecnol\u00f3gico o de grado en los campos de Educaci\u00f3n, Ciencias Sociales, Salud y bienestar, cuyas carreras est\u00e9n asociadas con Psicolog\u00eda General, Psicolog\u00eda Educativa, Psicolog\u00eda Cl\u00ednica, Trabajo Social y afines, seg\u00fan lo establecido en el cat\u00e1logo de t\u00edtulos definido por la Autoridad Educativa Nacional\u00a0https:\/\/educacion.gob.ec\/wp-content\/uploads\/downloads\/2024\/10\/Catalogo-titulos-DECE.pdf\u00a0debidamente registrados en el Sistema Nacional de Informaci\u00f3n de la Educaci\u00f3n Superior del Ecuador de la SENESCYT.<\/li>\n<li>b. Inscribirse y registrar sus datos en la plataforma inform\u00e1tica habilitada para este proceso por el Ministerio de Educaci\u00f3n denominado \u00abEDUCAEMPLEO PARA DECE\u00bb. Para este prop\u00f3sito, el nivel central de la Autoridad Educativa Nacional ha publicado en la p\u00e1gina web institucional el instructivo de acceso al Sistema:\u00a0https:\/\/educacion.gob.ec\/educa-empleo-para-dece\/<\/li>\n<li>c. Cada aspirante debe ingresar y registrarse en la Plataforma Inform\u00e1tica \u201cEDUCAEMPLEO PARA DECE\u201d, donde obtendr\u00e1 un usuario y contrase\u00f1a de uso exclusivo. Luego de ingresar su informaci\u00f3n personal, el candidato aplicar\u00e1 a una vacante ofertada, seg\u00fan su formaci\u00f3n profesional y las necesidades priorizadas del Sistema Educativo Nacional.<\/li>\n<li>d. Despu\u00e9s de la inscripci\u00f3n, el aspirante debe generar la aceptaci\u00f3n y declaraci\u00f3n digital sobre la veracidad de los datos ingresados en la misma plataforma.<\/li>\n<\/ul>\n<p>Se considerar\u00e1 que el aspirante no est\u00e1 inscrito si, al momento del registro en el sistema, no acepta las condiciones establecidas o no completa la informaci\u00f3n en el formulario. No se podr\u00e1 agregar informaci\u00f3n despu\u00e9s de generar la aceptaci\u00f3n y declaraci\u00f3n digital.<\/p>\n<p><b>Para m\u00e1s informaci\u00f3n:\u00a0<\/b><\/p>\n<ul>\n<li>Preguntas frecuentes del proceso:\u00a0https:\/\/educacion.gob.ec\/wp-content\/uploads\/downloads\/2024\/10\/PREGUNTAS-FRECUENTES-EDUCAEMPLEO-DECE.pdf<\/li>\n<li>Manual del uso de la plataforma inform\u00e1tica \u201cEDUCA EMPLEO PARA DECE\u201d<\/li>\n<li>Contacto:\u00a0<a href=\"mailto:decenacional@educacion.gob.ec\" target=\"_blank\" rel=\"noopener\">decenacional@educacion.gob.ec\u00a0<\/a><\/li>\n<\/ul>\n<p>Una vez que culmine el proceso, las Unidades Distritales de Talento Humano sobre la base de la lista de beneficiarios del proceso, elaborar\u00e1n el registro de la suscripci\u00f3n de los contratos ocasionales en el Sistema de Gesti\u00f3n Docente, permitiendo regularizar el ingreso de los profesionales de los Departamentos de Consejer\u00eda Estudiantil y cubrir la oferta registrada en la Plataforma \u201cEDUCA EMPLEO PARA DECE\u201d.<\/p>\n<p>El Ministerio de Educaci\u00f3n trabaja para que los establecimientos educativos sean espacios democr\u00e1ticos de ejercicio de los derechos humanos, promotores de la cultura de paz, convivencia arm\u00f3nica, participaci\u00f3n e integraci\u00f3n social.<\/p>\n","protected":false},"excerpt":{"rendered":"<p>Quito.-\u00a0Luego de 8 a\u00f1os del \u00faltimo proceso para vincular especialistas DECE realizado en el pa\u00eds, el Ministerio de Educaci\u00f3n convoca a los profesionales en los campos de educaci\u00f3n, ciencias sociales, salud y bienestar, cuyas carreras est\u00e9n asociadas con psicolog\u00eda general, psicolog\u00eda educativa, psicolog\u00eda cl\u00ednica, trabajo social y afines a postularse en el proceso piloto de [&hellip;]<\/p>\n","protected":false},"author":2,"featured_media":20045,"comment_status":"open","ping_status":"closed","sticky":false,"template":"","format":"standard","meta":{"_jetpack_memberships_contains_paid_content":false,"footnotes":""},"categories":[13],"tags":[444],"class_list":["post-20044","post","type-post","status-publish","format-standard","has-post-thumbnail","hentry","category-noticias-nacionales","tag-ministerio-de-educacion"],"jetpack_featured_media_url":"https:\/\/radiocresatelital.com\/wp-content\/uploads\/2024\/10\/concurso-docentes.png","jetpack_sharing_enabled":true,"_links":{"self":[{"href":"https:\/\/radiocresatelital.com\/index.php?rest_route=\/wp\/v2\/posts\/20044","targetHints":{"allow":["GET"]}}],"collection":[{"href":"https:\/\/radiocresatelital.com\/index.php?rest_route=\/wp\/v2\/posts"}],"about":[{"href":"https:\/\/radiocresatelital.com\/index.php?rest_route=\/wp\/v2\/types\/post"}],"author":[{"embeddable":true,"href":"https:\/\/radiocresatelital.com\/index.php?rest_route=\/wp\/v2\/users\/2"}],"replies":[{"embeddable":true,"href":"https:\/\/radiocresatelital.com\/index.php?rest_route=%2Fwp%2Fv2%2Fcomments&post=20044"}],"version-history":[{"count":1,"href":"https:\/\/radiocresatelital.com\/index.php?rest_route=\/wp\/v2\/posts\/20044\/revisions"}],"predecessor-version":[{"id":20046,"href":"https:\/\/radiocresatelital.com\/index.php?rest_route=\/wp\/v2\/posts\/20044\/revisions\/20046"}],"wp:featuredmedia":[{"embeddable":true,"href":"https:\/\/radiocresatelital.com\/index.php?rest_route=\/wp\/v2\/media\/20045"}],"wp:attachment":[{"href":"https:\/\/radiocresatelital.com\/index.php?rest_route=%2Fwp%2Fv2%2Fmedia&parent=20044"}],"wp:term":[{"taxonomy":"category","embeddable":true,"href":"https:\/\/radiocresatelital.com\/index.php?rest_route=%2Fwp%2Fv2%2Fcategories&post=20044"},{"taxonomy":"post_tag","embeddable":true,"href":"https:\/\/radiocresatelital.com\/index.php?rest_route=%2Fwp%2Fv2%2Ftags&post=20044"}],"curies":[{"name":"wp","href":"https:\/\/api.w.org\/{rel}","templated":true}]}}