{"id":20029,"date":"2024-10-17T20:36:45","date_gmt":"2024-10-17T20:36:45","guid":{"rendered":"https:\/\/radiocresatelital.com\/?p=20029"},"modified":"2024-11-08T04:19:56","modified_gmt":"2024-11-08T04:19:56","slug":"grupo-la-fabril-es-reconocido-por-su-compromiso-social-y-ambiental-en-hablemos-de-cambio","status":"publish","type":"post","link":"https:\/\/radiocresatelital.com\/?p=20029","title":{"rendered":"Grupo La Fabril es reconocido por su compromiso social y ambiental en \u00abHablemos de Cambio\u00bb"},"content":{"rendered":"<p>Guayaquil<span data-contrast=\"auto\">. \u2013 <\/span><span data-contrast=\"none\">Grupo La Fabril<\/span><span data-contrast=\"auto\"> fue destacado en el evento <\/span>\u00abHablemos de Cambio\u00bb<b><span data-contrast=\"auto\">,<\/span><\/b><span data-contrast=\"auto\"> organizado por Primicias en alianza con la consultora Ypsilom, donde recibi\u00f3 reconocimientos significativos por sus esfuerzos en sostenibilidad y responsabilidad social. La empresa fue galardonada con dos trofeos y tres diplomas que evidencian su compromiso por generar un impacto positivo tanto en el \u00e1mbito social como ambiental.<\/span><span data-ccp-props=\"{&quot;201341983&quot;:0,&quot;335551550&quot;:6,&quot;335551620&quot;:6,&quot;335559685&quot;:720,&quot;335559739&quot;:0,&quot;335559740&quot;:240}\">\u00a0<\/span><span data-ccp-props=\"{&quot;201341983&quot;:0,&quot;335551550&quot;:6,&quot;335551620&quot;:6,&quot;335559685&quot;:720,&quot;335559739&quot;:0,&quot;335559740&quot;:240}\">\u00a0<\/span><\/p>\n<p><span data-contrast=\"auto\">En el contexto de su compromiso con el ODS 5: Igualdad de G\u00e9nero, La Fabril fue premiada por su iniciativa \u00abPor m\u00e1s ni\u00f1as sin miedo\u00bb, desarrollada por su marca \u00cdntima. Esta iniciativa tiene como objetivo combatir la pobreza menstrual y concienciar sobre la higiene femenina, beneficiando a m\u00e1s de 73,000 ni\u00f1as de comunidades vulnerables mediante la entrega de kits de higiene menstrual y charlas educativas. Esto reafirma el compromiso de la empresa con el bienestar y desarrollo de las j\u00f3venes ecuatorianas.<\/span><span data-ccp-props=\"{&quot;201341983&quot;:0,&quot;335551550&quot;:6,&quot;335551620&quot;:6,&quot;335559685&quot;:720,&quot;335559739&quot;:0,&quot;335559740&quot;:240}\">\u00a0<\/span><span data-ccp-props=\"{&quot;201341983&quot;:0,&quot;335551550&quot;:6,&quot;335551620&quot;:6,&quot;335559685&quot;:720,&quot;335559739&quot;:0,&quot;335559740&quot;:240}\">\u00a0<\/span><\/p>\n<p><span data-contrast=\"auto\">Asimismo, en l\u00ednea con el ODS 7: Energ\u00eda Asequible y No Contaminante, Grupo La Fabril fue reconocido por la implementaci\u00f3n de un caldero de biomasa en su planta matriz, Manta, un sistema innovador que permite que el 88.9% de la energ\u00eda utilizada provenga de fuentes renovables. Este logro no solo posiciona a la empresa como l\u00edder en sostenibilidad ambiental, sino que tambi\u00e9n subraya su objetivo de reducir su huella de carbono y avanzar hacia una operaci\u00f3n m\u00e1s limpia. Adem\u00e1s, se otorgaron diplomas a Extractora R\u00edo Manso y Energy &amp; Palma por su compromiso en la implementaci\u00f3n de tecnolog\u00edas sostenibles, como la planta de pellets y la instalaci\u00f3n de calderas eficientes.<\/span><span data-ccp-props=\"{&quot;201341983&quot;:0,&quot;335551550&quot;:6,&quot;335551620&quot;:6,&quot;335559685&quot;:720,&quot;335559739&quot;:0,&quot;335559740&quot;:240}\">\u00a0<\/span><span data-ccp-props=\"{&quot;201341983&quot;:0,&quot;335551550&quot;:6,&quot;335551620&quot;:6,&quot;335559685&quot;:720,&quot;335559739&quot;:0,&quot;335559740&quot;:240}\">\u00a0<\/span><\/p>\n<p><span data-contrast=\"auto\">Respecto al ODS 11: Ciudades y Comunidades Sostenibles, La Fabril recibi\u00f3 un diploma por su proyecto Montemagna en Montecristi, el cual busca promover el desarrollo sostenible y mejorar la infraestructura comunitaria.<\/span><span data-ccp-props=\"{&quot;201341983&quot;:0,&quot;335551550&quot;:6,&quot;335551620&quot;:6,&quot;335559685&quot;:720,&quot;335559739&quot;:0,&quot;335559740&quot;:240}\">\u00a0<\/span><span data-ccp-props=\"{&quot;201341983&quot;:0,&quot;335551550&quot;:6,&quot;335551620&quot;:6,&quot;335559685&quot;:720,&quot;335559739&quot;:0,&quot;335559740&quot;:240}\">\u00a0<\/span><\/p>\n<p>Grupo La Fabril se siente orgulloso de estos reconocimientos, que solidifican su compromiso a largo plazo con la sostenibilidad y la responsabilidad social. \u00abEstos galardones reflejan el esfuerzo constante de nuestra empresa por mejorar la calidad de vida de nuestras comunidades y proteger el medio ambiente. Valoramos profundamente los Objetivos de Desarrollo Sostenible como br\u00fajula para nuestra estrategia, y seguimos comprometidos a integrar estas metas en cada uno de nuestros proyectos. Continuaremos trabajando en iniciativas que generen valor social y ambiental a largo plazo, asegurando un futuro sostenible para todos\u00bb, expres\u00f3 Alejandro Maldonado, Gerente de Proyectos y Sostenibilidad de La Fabril.\u00a0<span data-ccp-props=\"{&quot;201341983&quot;:0,&quot;335551550&quot;:6,&quot;335551620&quot;:6,&quot;335559685&quot;:720,&quot;335559739&quot;:0,&quot;335559740&quot;:240}\">\u00a0<\/span><\/p>\n<p><span data-contrast=\"auto\">Estas distinciones son solo una parte de las diversas iniciativas que Grupo La Fabril impulsa como parte de su firme compromiso con el crecimiento sostenible y la excelencia operativa en todas sus actividades. La empresa seguir\u00e1 implementando proyectos que fortalezcan su impacto positivo en las comunidades y el medio ambiente, contribuyendo al desarrollo integral del pa\u00eds.<\/span><\/p>\n","protected":false},"excerpt":{"rendered":"<p>Guayaquil. \u2013 Grupo La Fabril fue destacado en el evento \u00abHablemos de Cambio\u00bb, organizado por Primicias en alianza con la consultora Ypsilom, donde recibi\u00f3 reconocimientos significativos por sus esfuerzos en sostenibilidad y responsabilidad social. La empresa fue galardonada con dos trofeos y tres diplomas que evidencian su compromiso por generar un impacto positivo tanto en [&hellip;]<\/p>\n","protected":false},"author":2,"featured_media":20030,"comment_status":"open","ping_status":"closed","sticky":false,"template":"","format":"standard","meta":{"_jetpack_memberships_contains_paid_content":false,"footnotes":""},"categories":[3256],"tags":[2948,3170],"class_list":["post-20029","post","type-post","status-publish","format-standard","has-post-thumbnail","hentry","category-comunidad","tag-grupo-la-fabril","tag-hablemos-de-cambio"],"jetpack_featured_media_url":"https:\/\/radiocresatelital.com\/wp-content\/uploads\/2024\/10\/La-Fabril-reconocimientos-Hablemos-de-Cambio-01.jpg","jetpack_sharing_enabled":true,"_links":{"self":[{"href":"https:\/\/radiocresatelital.com\/index.php?rest_route=\/wp\/v2\/posts\/20029","targetHints":{"allow":["GET"]}}],"collection":[{"href":"https:\/\/radiocresatelital.com\/index.php?rest_route=\/wp\/v2\/posts"}],"about":[{"href":"https:\/\/radiocresatelital.com\/index.php?rest_route=\/wp\/v2\/types\/post"}],"author":[{"embeddable":true,"href":"https:\/\/radiocresatelital.com\/index.php?rest_route=\/wp\/v2\/users\/2"}],"replies":[{"embeddable":true,"href":"https:\/\/radiocresatelital.com\/index.php?rest_route=%2Fwp%2Fv2%2Fcomments&post=20029"}],"version-history":[{"count":1,"href":"https:\/\/radiocresatelital.com\/index.php?rest_route=\/wp\/v2\/posts\/20029\/revisions"}],"predecessor-version":[{"id":20031,"href":"https:\/\/radiocresatelital.com\/index.php?rest_route=\/wp\/v2\/posts\/20029\/revisions\/20031"}],"wp:featuredmedia":[{"embeddable":true,"href":"https:\/\/radiocresatelital.com\/index.php?rest_route=\/wp\/v2\/media\/20030"}],"wp:attachment":[{"href":"https:\/\/radiocresatelital.com\/index.php?rest_route=%2Fwp%2Fv2%2Fmedia&parent=20029"}],"wp:term":[{"taxonomy":"category","embeddable":true,"href":"https:\/\/radiocresatelital.com\/index.php?rest_route=%2Fwp%2Fv2%2Fcategories&post=20029"},{"taxonomy":"post_tag","embeddable":true,"href":"https:\/\/radiocresatelital.com\/index.php?rest_route=%2Fwp%2Fv2%2Ftags&post=20029"}],"curies":[{"name":"wp","href":"https:\/\/api.w.org\/{rel}","templated":true}]}}