{"id":19981,"date":"2024-10-16T21:58:10","date_gmt":"2024-10-16T21:58:10","guid":{"rendered":"https:\/\/radiocresatelital.com\/?p=19981"},"modified":"2024-11-08T04:20:57","modified_gmt":"2024-11-08T04:20:57","slug":"hyundai-presente-en-la-feria-de-autos-del-grupo-eljuri-innovacion-y-sostenibilidad-al-alcance-de-todos","status":"publish","type":"post","link":"https:\/\/radiocresatelital.com\/?p=19981","title":{"rendered":"Hyundai presente en la Feria de Autos del Grupo Eljuri: Innovaci\u00f3n y sostenibilidad al alcance de todos"},"content":{"rendered":"<p>Quito.- Hyundai, una de las marcas automotrices l\u00edderes a nivel mundial, reafirma su compromiso con la innovaci\u00f3n y calidad con su participaci\u00f3n en el \u201cCarfest 2024\u201d organizada por Grupo Eljuri, que se llevar\u00e1 a cabo del 17 al 20 de octubre en el parqueadero del Centro Comercial I\u00f1aquito (CCI). El objetivo de este evento es incrementar significativamente el tr\u00e1fico de consumidores hacia los concesionarios y puntos de exhibici\u00f3n, mediante una experiencia atractiva y din\u00e1mica que refuerce el posicionamiento de las marcas como las mejores opciones en el mercado.<\/p>\n<p>Durante la feria, Hyundai presentar\u00e1 una selecci\u00f3n de sus modelos m\u00e1s representativos, que destacan su compromiso con la innovaci\u00f3n tecnol\u00f3gica, la eficiencia energ\u00e9tica y la sostenibilidad. El p\u00fablico conocer\u00e1 de cerca los veh\u00edculos como el: Hyundai I10 HB, Accent, Creta, Tucson, Santa Fe, entre otros. Adem\u00e1s, la feria contar\u00e1 con la participaci\u00f3n de otras marcas automotrices como, Ford, JAC, Kia y Land Rover, ofreciendo una experiencia completa para los amantes de los autom\u00f3viles.<\/p>\n<p>La participaci\u00f3n de Hyundai en este evento resalta el compromiso con el desarrollo de la una movilidad m\u00e1s eficiente y responsable. \u201cLa marca contin\u00faa apostando por ofrecer soluciones sostenibles para los conductores ecuatorianos, alineando nuestras propuestas con las tendencias globales hacia la electrificaci\u00f3n y sostenibilidad\u201d Asegur\u00f3 el vocero de la marca.<\/p>\n<p>Esta feria, abierta al p\u00fablico, ofrecer\u00e1 una combinaci\u00f3n de entretenimiento y exposici\u00f3n de veh\u00edculos. Los asistentes disfrutar\u00e1n de diversas actividades interactivas para toda la familia, donde participar\u00e1n y ganar\u00e1n fabulosos premios. Adem\u00e1s, se ofrecer\u00e1n descuentos especiales, bonos exclusivos y condiciones preferenciales de financiamiento para quienes asistan.<\/p>\n<p>Es as\u00ed, que Hyundai destaca por su compromiso con la satisfacci\u00f3n de sus clientes y su constante b\u00fasqueda de innovaci\u00f3n en el mercado automotriz ecuatoriano. Esta colaboraci\u00f3n representa una excelente oportunidad para acercar al p\u00fablico las \u00faltimas novedades que tiene la marca.<\/p>\n","protected":false},"excerpt":{"rendered":"<p>Quito.- Hyundai, una de las marcas automotrices l\u00edderes a nivel mundial, reafirma su compromiso con la innovaci\u00f3n y calidad con su participaci\u00f3n en el \u201cCarfest 2024\u201d organizada por Grupo Eljuri, que se llevar\u00e1 a cabo del 17 al 20 de octubre en el parqueadero del Centro Comercial I\u00f1aquito (CCI). El objetivo de este evento es [&hellip;]<\/p>\n","protected":false},"author":2,"featured_media":19982,"comment_status":"open","ping_status":"closed","sticky":false,"template":"","format":"standard","meta":{"_jetpack_memberships_contains_paid_content":false,"footnotes":""},"categories":[3256],"tags":[3156,2483],"class_list":["post-19981","post","type-post","status-publish","format-standard","has-post-thumbnail","hentry","category-comunidad","tag-grupo-eljuri","tag-hyundai"],"jetpack_featured_media_url":"https:\/\/radiocresatelital.com\/wp-content\/uploads\/2024\/10\/WhatsApp-Image-2024-10-16-at-15.03.46.jpeg","jetpack_sharing_enabled":true,"_links":{"self":[{"href":"https:\/\/radiocresatelital.com\/index.php?rest_route=\/wp\/v2\/posts\/19981","targetHints":{"allow":["GET"]}}],"collection":[{"href":"https:\/\/radiocresatelital.com\/index.php?rest_route=\/wp\/v2\/posts"}],"about":[{"href":"https:\/\/radiocresatelital.com\/index.php?rest_route=\/wp\/v2\/types\/post"}],"author":[{"embeddable":true,"href":"https:\/\/radiocresatelital.com\/index.php?rest_route=\/wp\/v2\/users\/2"}],"replies":[{"embeddable":true,"href":"https:\/\/radiocresatelital.com\/index.php?rest_route=%2Fwp%2Fv2%2Fcomments&post=19981"}],"version-history":[{"count":2,"href":"https:\/\/radiocresatelital.com\/index.php?rest_route=\/wp\/v2\/posts\/19981\/revisions"}],"predecessor-version":[{"id":19984,"href":"https:\/\/radiocresatelital.com\/index.php?rest_route=\/wp\/v2\/posts\/19981\/revisions\/19984"}],"wp:featuredmedia":[{"embeddable":true,"href":"https:\/\/radiocresatelital.com\/index.php?rest_route=\/wp\/v2\/media\/19982"}],"wp:attachment":[{"href":"https:\/\/radiocresatelital.com\/index.php?rest_route=%2Fwp%2Fv2%2Fmedia&parent=19981"}],"wp:term":[{"taxonomy":"category","embeddable":true,"href":"https:\/\/radiocresatelital.com\/index.php?rest_route=%2Fwp%2Fv2%2Fcategories&post=19981"},{"taxonomy":"post_tag","embeddable":true,"href":"https:\/\/radiocresatelital.com\/index.php?rest_route=%2Fwp%2Fv2%2Ftags&post=19981"}],"curies":[{"name":"wp","href":"https:\/\/api.w.org\/{rel}","templated":true}]}}