{"id":19898,"date":"2024-10-15T17:22:46","date_gmt":"2024-10-15T17:22:46","guid":{"rendered":"https:\/\/radiocresatelital.com\/?p=19898"},"modified":"2024-10-15T19:26:34","modified_gmt":"2024-10-15T19:26:34","slug":"tendencias-en-diseno-y-arquitectura-semana-del-diseno-grifine-2024","status":"publish","type":"post","link":"https:\/\/radiocresatelital.com\/?p=19898","title":{"rendered":"Tendencias en dise\u00f1o y arquitectura: Semana del Dise\u00f1o Grifine 2024"},"content":{"rendered":"<p>Guayaquil.- En el marco de la reinauguraci\u00f3n de la sala de exhibici\u00f3n de Grifine Home Center, llega la Semana del Dise\u00f1o y la Arquitectura 2024 a Guayaquil, creando la oportunidad perfecta para descubrir las \u00faltimas tendencias en acabados, tecnolog\u00eda y dise\u00f1o de interiores.<\/p>\n<p>\u201cGrifine Experience\u201d as\u00ed se define la Semana del Dise\u00f1o y Arquitectura, un evento de primer nivel que congrega a los mejores exponentes del mundo del dise\u00f1o y la arquitectura. Empresas reconocidas del sector de la construcci\u00f3n, como INTACO, Renova Concept, Star Office y Cargut Inmobiliaria, entre otras, se unen a expertos destacados como el Arq. Jon\u00e1s Vinueza, Arq. Mayra\u00a0 Pinargote Cantos, \u00a0el Arq. Patricio Cabal, MSc. Gabriela Vega Guiracocha docente de posgrado la Universidad Laica Vicente Rocafuerte de Guayaquil, junto con expositores internacionales, para compartir sus conocimientos y experiencia.<\/p>\n<p>Estas jornadas est\u00e1n dise\u00f1adas para un p\u00fablico diverso, que abarca profesionales, estudiantes y p\u00fablico en general, todos buscando inspiraci\u00f3n e ideas innovadoras para mejorar sus negocios y hogares.<\/p>\n<p>A lo largo de la semana los asistentes podr\u00e1n acceder de forma gratuita a charlas diarias especializadas, que incluyen, brunch de negocios y oportunidades de networking, proporcionando la plataforma perfecta para conectarse, aprender y crecer.<\/p>\n<p><strong>\u00bfQu\u00e9 temas se desarrollar\u00e1n en la Semana del Dise\u00f1o y Arquitectura?<\/strong><strong>\u00a0<\/strong><\/p>\n<ul>\n<li>La innovaci\u00f3n redefine el dise\u00f1o<\/li>\n<li>Tendencias de microespacios y dise\u00f1o compacto<\/li>\n<li>Nuevas dimensiones de modernidad y funcionalidad<\/li>\n<li>De la naturaleza al lujo moderno con dise\u00f1os multifac\u00e9ticos<\/li>\n<li>Conectando espacios interiores con naturaleza<\/li>\n<li>Asegurando calidad en proyectos de gran escala<\/li>\n<li>El arte del relieve, geometr\u00eda y espacios vanguardistas<\/li>\n<li>Cocinas y ba\u00f1os del futuro<\/li>\n<li>La arquitectura del bienestar<\/li>\n<li>Dise\u00f1o y conexi\u00f3n<\/li>\n<li>Eficiencia y estilo sin l\u00edmites<\/li>\n<li>Del agua al estilo: espacios que fluyen<\/li>\n<li>Impacto de las texturas<\/li>\n<li>Dise\u00f1o sin fronteras innovaci\u00f3n urbana<\/li>\n<li>Tecnolog\u00eda inteligente en la arquitectura<\/li>\n<li>Fusionando lo urbano y lo org\u00e1nico<\/li>\n<li>Marca personal: ambientes que conectan con el alma, bienestar e inspiraci\u00f3n.<\/li>\n<li>Tecnolog\u00eda ARTECH del entorno natural al dise\u00f1o vanguardista<strong>\u00a0<\/strong><\/li>\n<\/ul>\n<p><strong>\u00bfC\u00f3mo pueden inscribirse? <\/strong>Para sumergirse en esta semana cargada de inspiraci\u00f3n, innovaci\u00f3n y creatividad, deben registrarse en la web <a href=\"https:\/\/experiencia.grifine.com.ec\/\"><strong>https:\/\/experiencia.grifine.com.ec\/<\/strong><\/a> donde encontrar\u00e1n mayor informaci\u00f3n y son totalmente gratuitas.<\/p>\n<p><strong>Invitados Especiales<\/strong><\/p>\n<p>Karla P\u00e9rez, reconocida experta en branding personal, ense\u00f1ar\u00e1 a los asistentes a trav\u00e9s de estrategias como mejorar su marca personal. Compartiendo su visi\u00f3n sobre c\u00f3mo los ambientes pueden conectar con el alma, y c\u00f3mo el dise\u00f1o de vida y los espacios pueden influir en el bienestar personal y profesional.<\/p>\n<p><strong>Una semana inspiradora<\/strong><\/p>\n<p>Este evento es mucho m\u00e1s que tendencias; es un verdadero viaje de inspiraci\u00f3n en el que todo el mundo puede encontrar algo que alimente su curiosidad y su amor por la arquitectura y el dise\u00f1o.<strong>\u00a0<\/strong><\/p>\n<p><strong>Inauguraci\u00f3n:<\/strong> 21 de octubre de 2024<\/p>\n<p><strong>Cierre:<\/strong> 25 de octubre de 2024<\/p>\n<p><strong>Lugar:<\/strong> Edificio Grifine, Av. Juan Tanca Marengo.<\/p>\n","protected":false},"excerpt":{"rendered":"<p>Guayaquil.- En el marco de la reinauguraci\u00f3n de la sala de exhibici\u00f3n de Grifine Home Center, llega la Semana del Dise\u00f1o y la Arquitectura 2024 a Guayaquil, creando la oportunidad perfecta para descubrir las \u00faltimas tendencias en acabados, tecnolog\u00eda y dise\u00f1o de interiores. \u201cGrifine Experience\u201d as\u00ed se define la Semana del Dise\u00f1o y Arquitectura, un [&hellip;]<\/p>\n","protected":false},"author":2,"featured_media":19899,"comment_status":"open","ping_status":"closed","sticky":false,"template":"","format":"standard","meta":{"_jetpack_memberships_contains_paid_content":false,"footnotes":""},"categories":[13],"tags":[3142,3143],"class_list":["post-19898","post","type-post","status-publish","format-standard","has-post-thumbnail","hentry","category-noticias-nacionales","tag-grifine-home-center","tag-semana-del-diseno-y-la-arquitectura"],"jetpack_featured_media_url":"https:\/\/radiocresatelital.com\/wp-content\/uploads\/2024\/10\/WhatsApp-Image-2024-10-15-at-14.11.06.jpeg","jetpack_sharing_enabled":true,"_links":{"self":[{"href":"https:\/\/radiocresatelital.com\/index.php?rest_route=\/wp\/v2\/posts\/19898","targetHints":{"allow":["GET"]}}],"collection":[{"href":"https:\/\/radiocresatelital.com\/index.php?rest_route=\/wp\/v2\/posts"}],"about":[{"href":"https:\/\/radiocresatelital.com\/index.php?rest_route=\/wp\/v2\/types\/post"}],"author":[{"embeddable":true,"href":"https:\/\/radiocresatelital.com\/index.php?rest_route=\/wp\/v2\/users\/2"}],"replies":[{"embeddable":true,"href":"https:\/\/radiocresatelital.com\/index.php?rest_route=%2Fwp%2Fv2%2Fcomments&post=19898"}],"version-history":[{"count":1,"href":"https:\/\/radiocresatelital.com\/index.php?rest_route=\/wp\/v2\/posts\/19898\/revisions"}],"predecessor-version":[{"id":19900,"href":"https:\/\/radiocresatelital.com\/index.php?rest_route=\/wp\/v2\/posts\/19898\/revisions\/19900"}],"wp:featuredmedia":[{"embeddable":true,"href":"https:\/\/radiocresatelital.com\/index.php?rest_route=\/wp\/v2\/media\/19899"}],"wp:attachment":[{"href":"https:\/\/radiocresatelital.com\/index.php?rest_route=%2Fwp%2Fv2%2Fmedia&parent=19898"}],"wp:term":[{"taxonomy":"category","embeddable":true,"href":"https:\/\/radiocresatelital.com\/index.php?rest_route=%2Fwp%2Fv2%2Fcategories&post=19898"},{"taxonomy":"post_tag","embeddable":true,"href":"https:\/\/radiocresatelital.com\/index.php?rest_route=%2Fwp%2Fv2%2Ftags&post=19898"}],"curies":[{"name":"wp","href":"https:\/\/api.w.org\/{rel}","templated":true}]}}