{"id":19883,"date":"2024-10-15T16:23:53","date_gmt":"2024-10-15T16:23:53","guid":{"rendered":"https:\/\/radiocresatelital.com\/?p=19883"},"modified":"2024-10-15T18:25:37","modified_gmt":"2024-10-15T18:25:37","slug":"festival-donde-esta-mi-cabeza-regresa-en-su-segunda-edicion-para-promover-la-salud-mental-comunitaria","status":"publish","type":"post","link":"https:\/\/radiocresatelital.com\/?p=19883","title":{"rendered":"Festival \u201c\u00bfD\u00f3nde est\u00e1 mi cabeza?\u201d regresa en su segunda edici\u00f3n para promover la Salud Mental Comunitaria"},"content":{"rendered":"<p>Quito.- En el mes de octubre se conmemora el d\u00eda mundial de la Salud Mental, que tiene como objetivo crear conciencia sobre la importancia de este tema en todo el mundo. La USFQ, con el apoyo t\u00e9cnico de la Organizaci\u00f3n Panamericana de la Salud \/Mundial de la Salud (OPS\/OMS), enfatiza la necesidad de abordar la salud mental de manera integral y preventiva, ofreciendo a la comunidad herramientas para enfrentar los desaf\u00edos emocionales y psicol\u00f3gicos que pueden surgir en el \u00e1mbito acad\u00e9mico y personal.<\/p>\n<p>El a\u00f1o pasado, la OPS realiz\u00f3 la primera edici\u00f3n del Festival \u00ab\u00bfD\u00f3nde est\u00e1 mi cabeza?\u00bb en el parque Itchimbia de la ciudad de Quito con la asistencia de alrededor de 3000 participantes. Este a\u00f1o, regresa en su segunda edici\u00f3n para promover la salud mental comunitaria y la creaci\u00f3n de espacios seguros donde las personas puedan expresar sus emociones. Adem\u00e1s de impulsar el desarrollo y ejecuci\u00f3n a nivel comunitario, para brindar una plataforma a iniciativas locales que trabajan por el bienestar de las personas en los territorios, y demostrar que la salud mental se hace desde las pr\u00e1cticas colectivas y sostenidas, desde la comunidad.<\/p>\n<p><em>\u201cLa salud mental es fundamental para nuestro bienestar integral, permiti\u00e9ndonos disfrutar de la vida, mantener relaciones saludables y afrontar los desaf\u00edos cotidianos con optimismo y resiliencia\u201d<\/em> menciona <strong>Ma. Fernanda Almeida, psic\u00f3loga y docente de la USFQ Gal\u00e1pagos.<\/strong><\/p>\n<p>La USFQ ha implementado programas de apoyo psicol\u00f3gico, talleres de manejo del estr\u00e9s, y campa\u00f1as de concientizaci\u00f3n sobre la importancia de cuidar la mente, sobre todo en un mundo cada vez m\u00e1s desafiante. Estas acciones buscan reducir el estigma asociado a los problemas de salud mental y fomentar una cultura de cuidado y prevenci\u00f3n. La comunidad universitaria ha acogido de manera positiva estas iniciativas, reconociendo que el equilibrio entre la salud f\u00edsica y mental es fundamental para el \u00e9xito personal y profesional.<\/p>\n<p>En base a este contexto, el actual dise\u00f1o del Festival promueve que\u00a0 su ejecuci\u00f3n se haga en base a la gesti\u00f3n local, y se pueda ejecutar, con el apoyo y acompa\u00f1amiento de OPS\/OMS Ecuador. Es as\u00ed que se han programado 3 Festivales localizadas en 3 puntos de la regi\u00f3n: San Crist\u00f3bal, Ibarra y Cumbay\u00e1:<\/p>\n<ul>\n<li>Para la comunidad de San Crist\u00f3bal \u2013 Gal\u00e1pagos: 19 de octubre 2024<\/li>\n<li>Para la comunidad de Cumbay\u00e1 e Ibarra: 26 de octubre 2024<\/li>\n<\/ul>\n<p>Las fechas son en octubre, siendo la primera en Gal\u00e1pagos el s\u00e1bado 19, y los otros dos el s\u00e1bado 26.<\/p>\n<p>Todas las actividades del festival son completamente gratuitas y abiertas al p\u00fablico. La iniciativa invita a la reflexi\u00f3n y acci\u00f3n en torno a la construcci\u00f3n de relaciones saludables y entornos seguros donde se puedan expresar afectos y emociones. La visi\u00f3n detr\u00e1s de este evento es: una comunidad m\u00e1s saludable y conectada emocionalmente genera bienestar para todos sus integrantes. El objetivo es que los participantes no solo disfruten de una jornada enriquecedora, sino que tambi\u00e9n se lleven consigo experiencias profundas y aprendizajes que fortalezcan sus relaciones y su bienestar emocional.<\/p>\n<p><strong>\u00a1Un Evento Gratuito para Todos!<\/strong><\/p>\n<p>Para la comunidad de Cumbay\u00e1 y sus alrededores el Festival DEMC se realizar\u00e1 el 26 de octubre 2024. Pr\u00f3ximamente m\u00e1s detalles de las actividades y talleres que se realizar\u00e1n.<\/p>\n<p>Con un enfoque primordial, la USFQ sigue posicion\u00e1ndose como un referente en la promoci\u00f3n del bienestar integral, haciendo de la salud mental una prioridad dentro y fuera del campus.<\/p>\n","protected":false},"excerpt":{"rendered":"<p>Quito.- En el mes de octubre se conmemora el d\u00eda mundial de la Salud Mental, que tiene como objetivo crear conciencia sobre la importancia de este tema en todo el mundo. La USFQ, con el apoyo t\u00e9cnico de la Organizaci\u00f3n Panamericana de la Salud \/Mundial de la Salud (OPS\/OMS), enfatiza la necesidad de abordar la [&hellip;]<\/p>\n","protected":false},"author":2,"featured_media":19884,"comment_status":"open","ping_status":"closed","sticky":false,"template":"","format":"standard","meta":{"_jetpack_memberships_contains_paid_content":false,"footnotes":""},"categories":[13],"tags":[3138],"class_list":["post-19883","post","type-post","status-publish","format-standard","has-post-thumbnail","hentry","category-noticias-nacionales","tag-dia-mundial-de-la-salud-mental"],"jetpack_featured_media_url":"https:\/\/radiocresatelital.com\/wp-content\/uploads\/2024\/10\/WhatsApp-Image-2024-10-15-at-11.40.03.jpeg","jetpack_sharing_enabled":true,"_links":{"self":[{"href":"https:\/\/radiocresatelital.com\/index.php?rest_route=\/wp\/v2\/posts\/19883","targetHints":{"allow":["GET"]}}],"collection":[{"href":"https:\/\/radiocresatelital.com\/index.php?rest_route=\/wp\/v2\/posts"}],"about":[{"href":"https:\/\/radiocresatelital.com\/index.php?rest_route=\/wp\/v2\/types\/post"}],"author":[{"embeddable":true,"href":"https:\/\/radiocresatelital.com\/index.php?rest_route=\/wp\/v2\/users\/2"}],"replies":[{"embeddable":true,"href":"https:\/\/radiocresatelital.com\/index.php?rest_route=%2Fwp%2Fv2%2Fcomments&post=19883"}],"version-history":[{"count":1,"href":"https:\/\/radiocresatelital.com\/index.php?rest_route=\/wp\/v2\/posts\/19883\/revisions"}],"predecessor-version":[{"id":19885,"href":"https:\/\/radiocresatelital.com\/index.php?rest_route=\/wp\/v2\/posts\/19883\/revisions\/19885"}],"wp:featuredmedia":[{"embeddable":true,"href":"https:\/\/radiocresatelital.com\/index.php?rest_route=\/wp\/v2\/media\/19884"}],"wp:attachment":[{"href":"https:\/\/radiocresatelital.com\/index.php?rest_route=%2Fwp%2Fv2%2Fmedia&parent=19883"}],"wp:term":[{"taxonomy":"category","embeddable":true,"href":"https:\/\/radiocresatelital.com\/index.php?rest_route=%2Fwp%2Fv2%2Fcategories&post=19883"},{"taxonomy":"post_tag","embeddable":true,"href":"https:\/\/radiocresatelital.com\/index.php?rest_route=%2Fwp%2Fv2%2Ftags&post=19883"}],"curies":[{"name":"wp","href":"https:\/\/api.w.org\/{rel}","templated":true}]}}