{"id":19877,"date":"2024-10-15T18:09:28","date_gmt":"2024-10-15T18:09:28","guid":{"rendered":"https:\/\/radiocresatelital.com\/?p=19877"},"modified":"2024-10-15T18:09:49","modified_gmt":"2024-10-15T18:09:49","slug":"alcalde-aquiles-alvarez-lidero-la-entrega-de-las-primeras-500-tarjetas-la-guayaca","status":"publish","type":"post","link":"https:\/\/radiocresatelital.com\/?p=19877","title":{"rendered":"Alcalde Aquiles Alvarez lider\u00f3 la entrega de las primeras 500 tarjetas La Guayaca"},"content":{"rendered":"<p>Guayaquil.- El Alcalde Aquiles \u00c1lvarez lider\u00f3 la entrega de 500 tarjetas La Guayaca a usuarios del sistema Metrov\u00eda que se registraron y solicitaron el aporte social de USD 0,15. Esto les permitir\u00e1 seguir pagando la tarifa de 30 centavos en el pasaje, adem\u00e1s de ser priorizados en los servicios que brinda el Eje Social del Municipio.<\/p>\n<p>El acto se desarroll\u00f3 en las instalaciones de la Terminal R\u00edo Daule, en el norte de la ciudad. Junto al primer personero municipal estuvo la Vicealcaldesa Blanca L\u00f3pez, los concejales de la ciudad, funcionarios de ATM y EP DASE, adem\u00e1s de los beneficiarios.<\/p>\n<p>\u201cHoy necesitamos meterle fuerza para que la gente saque su tarjeta\u201d, dijo Alvarez en alusi\u00f3n al inicio del cobro de la nueva tarifa, el pr\u00f3ximo 21 de octubre.<\/p>\n<p>\u201cA partir de ahora, ese diferencial, que no lo van a pagar directamente ustedes, pero s\u00ed con la plata municipal, va a estar reflejado aqu\u00ed, en las nuevas unidades que van a disfrutar ustedes. Esa es la gran diferencia\u201d, acot\u00f3 en referencia a la incorporaci\u00f3n de unidades modernas, equipadas con aire acondicionado y wifi.<\/p>\n<p>\u201cAntes de que termine octubre se suman 20 unidades m\u00e1s. De aqu\u00ed a fin de a\u00f1o, 20 unidades m\u00e1s; entra la Troncal 4 a partir de marzo y abril con sus 40 y pico unidades. Se va a licitar la Troncal 2 y van a venir de forma progresiva las unidades\u201d, explic\u00f3 el proceso de renovaci\u00f3n que ser\u00e1 progresivo y terminar\u00e1 en<br \/>\njunio de 2025.<\/p>\n<p>De su parte, la concejala Tatiana Coronel asegur\u00f3 que la entrega de la nueva tarjeta significa el inicio de un camino hacia la dignificaci\u00f3n del transporte p\u00fablico.<\/p>\n<p>\u201cUn problema que la ciudadan\u00eda ven\u00eda pidiendo por a\u00f1os que se solucione, sin mayor \u00e9xito, pero hoy son buenas noticias, hoy ustedes que son beneficiarios de la tarjeta, van a poder congelar su tarifa en 30 centavos y adem\u00e1s ser priorizados en los servicios que brinda el eje social del municipio\u201d.<\/p>\n<p>La ciudadan\u00eda puede registrarse y solicitar el beneficio a trav\u00e9s de la p\u00e1gina web www.laguayacagye.com. Adem\u00e1s, 120 brigadistas est\u00e1n ubicados en diferentes puntos de la ciudad, as\u00ed como en las cuatro terminales y 42 paradas del sistema para ayudar a los usuarios con el registro de manera f\u00edsica.<\/p>\n","protected":false},"excerpt":{"rendered":"<p>Guayaquil.- El Alcalde Aquiles \u00c1lvarez lider\u00f3 la entrega de 500 tarjetas La Guayaca a usuarios del sistema Metrov\u00eda que se registraron y solicitaron el aporte social de USD 0,15. Esto les permitir\u00e1 seguir pagando la tarifa de 30 centavos en el pasaje, adem\u00e1s de ser priorizados en los servicios que brinda el Eje Social del [&hellip;]<\/p>\n","protected":false},"author":2,"featured_media":19878,"comment_status":"open","ping_status":"closed","sticky":false,"template":"","format":"standard","meta":{"_jetpack_memberships_contains_paid_content":false,"footnotes":""},"categories":[13],"tags":[3015],"class_list":["post-19877","post","type-post","status-publish","format-standard","has-post-thumbnail","hentry","category-noticias-nacionales","tag-tarjeta-la-guayaca"],"jetpack_featured_media_url":"https:\/\/radiocresatelital.com\/wp-content\/uploads\/2024\/10\/image00002-scaled.jpeg","jetpack_sharing_enabled":true,"_links":{"self":[{"href":"https:\/\/radiocresatelital.com\/index.php?rest_route=\/wp\/v2\/posts\/19877","targetHints":{"allow":["GET"]}}],"collection":[{"href":"https:\/\/radiocresatelital.com\/index.php?rest_route=\/wp\/v2\/posts"}],"about":[{"href":"https:\/\/radiocresatelital.com\/index.php?rest_route=\/wp\/v2\/types\/post"}],"author":[{"embeddable":true,"href":"https:\/\/radiocresatelital.com\/index.php?rest_route=\/wp\/v2\/users\/2"}],"replies":[{"embeddable":true,"href":"https:\/\/radiocresatelital.com\/index.php?rest_route=%2Fwp%2Fv2%2Fcomments&post=19877"}],"version-history":[{"count":1,"href":"https:\/\/radiocresatelital.com\/index.php?rest_route=\/wp\/v2\/posts\/19877\/revisions"}],"predecessor-version":[{"id":19879,"href":"https:\/\/radiocresatelital.com\/index.php?rest_route=\/wp\/v2\/posts\/19877\/revisions\/19879"}],"wp:featuredmedia":[{"embeddable":true,"href":"https:\/\/radiocresatelital.com\/index.php?rest_route=\/wp\/v2\/media\/19878"}],"wp:attachment":[{"href":"https:\/\/radiocresatelital.com\/index.php?rest_route=%2Fwp%2Fv2%2Fmedia&parent=19877"}],"wp:term":[{"taxonomy":"category","embeddable":true,"href":"https:\/\/radiocresatelital.com\/index.php?rest_route=%2Fwp%2Fv2%2Fcategories&post=19877"},{"taxonomy":"post_tag","embeddable":true,"href":"https:\/\/radiocresatelital.com\/index.php?rest_route=%2Fwp%2Fv2%2Ftags&post=19877"}],"curies":[{"name":"wp","href":"https:\/\/api.w.org\/{rel}","templated":true}]}}