{"id":19865,"date":"2024-10-15T00:45:39","date_gmt":"2024-10-15T00:45:39","guid":{"rendered":"https:\/\/radiocresatelital.com\/?p=19865"},"modified":"2024-10-15T01:51:28","modified_gmt":"2024-10-15T01:51:28","slug":"mall-del-sur-celebra-su-aniversario-20-con-tradicional-reventon-de-descuentos","status":"publish","type":"post","link":"https:\/\/radiocresatelital.com\/?p=19865","title":{"rendered":"Mall del Sur celebra su aniversario 20 con tradicional \u201cRevent\u00f3n\u201d de descuentos"},"content":{"rendered":"<p class=\"x_MsoNormal\"><span data-olk-copy-source=\"MessageBody\">Guayaquil.- Mall del Sur celebra octubre con \u201cRevent\u00f3n de Aniversario\u201d compartiendo con su p\u00fablico la alegr\u00eda de cumplir 20 a\u00f1os siendo parte de su vida.\u00a0 Como no pod\u00eda faltar, esta tradicional campa\u00f1a de descuentos regresa como parte de la celebraci\u00f3n de esta gran ocasi\u00f3n.<\/span><\/p>\n<p class=\"x_MsoNormal\">Desde el jueves 17 al domingo 20 de octubre, los locales de Mall del Sur ofrecer\u00e1n importantes descuentos de 50%, 70%, entre otros beneficios, constituy\u00e9ndose en una ocasi\u00f3n imperdible para anticipar compras de Navidad.<\/p>\n<p class=\"x_MsoNormal\">\u201cRevent\u00f3n de Aniversario\u201d ser\u00e1 una vez m\u00e1s, la temporada esperada de descuentos, donde se encontrar\u00e1n lo mejores precios.\u00a0 Adem\u00e1s, para incentivar y agradecer a sus clientes, las compras a partir de $25 tendr\u00e1n la oportunidad de participar en un sorteo con el registro de facturas, y podr\u00e1n ganar:<\/p>\n<p class=\"x_MsoListParagraphCxSpFirst\">&#8211; 2 TV LED de 55\u201d<\/p>\n<p class=\"x_MsoListParagraphCxSpLast\">&#8211; 1 SPLIT de 12.000 BTU<\/p>\n<p class=\"x_MsoNormal\">Para m\u00e1s detalles de esta y otras actividades visite las redes sociales: Facebook e Instagram @malldelsur.<\/p>\n","protected":false},"excerpt":{"rendered":"<p>Guayaquil.- Mall del Sur celebra octubre con \u201cRevent\u00f3n de Aniversario\u201d compartiendo con su p\u00fablico la alegr\u00eda de cumplir 20 a\u00f1os siendo parte de su vida.\u00a0 Como no pod\u00eda faltar, esta tradicional campa\u00f1a de descuentos regresa como parte de la celebraci\u00f3n de esta gran ocasi\u00f3n. Desde el jueves 17 al domingo 20 de octubre, los locales [&hellip;]<\/p>\n","protected":false},"author":2,"featured_media":19866,"comment_status":"open","ping_status":"closed","sticky":false,"template":"","format":"standard","meta":{"_jetpack_memberships_contains_paid_content":false,"footnotes":""},"categories":[13],"tags":[246],"class_list":["post-19865","post","type-post","status-publish","format-standard","has-post-thumbnail","hentry","category-noticias-nacionales","tag-mall-del-sur"],"jetpack_featured_media_url":"https:\/\/radiocresatelital.com\/wp-content\/uploads\/2024\/10\/Aviso.png","jetpack_sharing_enabled":true,"_links":{"self":[{"href":"https:\/\/radiocresatelital.com\/index.php?rest_route=\/wp\/v2\/posts\/19865","targetHints":{"allow":["GET"]}}],"collection":[{"href":"https:\/\/radiocresatelital.com\/index.php?rest_route=\/wp\/v2\/posts"}],"about":[{"href":"https:\/\/radiocresatelital.com\/index.php?rest_route=\/wp\/v2\/types\/post"}],"author":[{"embeddable":true,"href":"https:\/\/radiocresatelital.com\/index.php?rest_route=\/wp\/v2\/users\/2"}],"replies":[{"embeddable":true,"href":"https:\/\/radiocresatelital.com\/index.php?rest_route=%2Fwp%2Fv2%2Fcomments&post=19865"}],"version-history":[{"count":1,"href":"https:\/\/radiocresatelital.com\/index.php?rest_route=\/wp\/v2\/posts\/19865\/revisions"}],"predecessor-version":[{"id":19867,"href":"https:\/\/radiocresatelital.com\/index.php?rest_route=\/wp\/v2\/posts\/19865\/revisions\/19867"}],"wp:featuredmedia":[{"embeddable":true,"href":"https:\/\/radiocresatelital.com\/index.php?rest_route=\/wp\/v2\/media\/19866"}],"wp:attachment":[{"href":"https:\/\/radiocresatelital.com\/index.php?rest_route=%2Fwp%2Fv2%2Fmedia&parent=19865"}],"wp:term":[{"taxonomy":"category","embeddable":true,"href":"https:\/\/radiocresatelital.com\/index.php?rest_route=%2Fwp%2Fv2%2Fcategories&post=19865"},{"taxonomy":"post_tag","embeddable":true,"href":"https:\/\/radiocresatelital.com\/index.php?rest_route=%2Fwp%2Fv2%2Ftags&post=19865"}],"curies":[{"name":"wp","href":"https:\/\/api.w.org\/{rel}","templated":true}]}}