{"id":19844,"date":"2024-10-15T00:59:30","date_gmt":"2024-10-15T00:59:30","guid":{"rendered":"https:\/\/radiocresatelital.com\/?p=19844"},"modified":"2024-10-15T00:59:30","modified_gmt":"2024-10-15T00:59:30","slug":"16-artistas-con-discapacidad-psicosocial-brillan-en-exposicion-de-arte-en-guayaquil","status":"publish","type":"post","link":"https:\/\/radiocresatelital.com\/?p=19844","title":{"rendered":"16 artistas con discapacidad psicosocial brillan en exposici\u00f3n de Arte en Guayaquil"},"content":{"rendered":"<p>Guayaquil.- En un emocionante hito para la inclusi\u00f3n y la expresi\u00f3n art\u00edstica, el Proyecto IDEA (Inclusi\u00f3n, Desarrollo y Arte) presenta la primera exposici\u00f3n \u201cEl jard\u00edn de los 16 artistas\u201d, que se inaugurar\u00e1 este mi\u00e9rcoles 9 de octubre en el Museo Municipal de Guayaquil.<\/p>\n<p>Esta iniciativa, impulsada por el Hogar para personas con discapacidad psicosocial (HDIS) de la Junta de Beneficencia, ha transformado la vida de 16 residentes a trav\u00e9s del arte. Bajo la gu\u00eda de un equipo multidisciplinario, estos talentosos individuos han creado obras que reflejan su valent\u00eda, resiliencia y humanidad.<\/p>\n<p><strong>M\u00e1s que arte, una transformaci\u00f3n<\/strong><br \/>\nDurante meses, los participantes han explorado su creatividad en talleres dirigidos por neuropsicolog\u00edas, psic\u00f3logos y artistas visuales. El proyecto IDEA no solo fomenta la expresi\u00f3n art\u00edstica, sino que tambi\u00e9n promueve la inclusi\u00f3n social y mejora la salud mental de las personas con discapacidad.<\/p>\n<p>Como lo se\u00f1ala la Organizaci\u00f3n Mundial de la Salud, el arte es una poderosa herramienta para comunicar emociones y fomentar la empat\u00eda, especialmente beneficiosa para la salud mental.<\/p>\n<p>En el caso de los participantes de IDEA, el arte ha sido un catalizador para recuperar su identidad, habilidades sociales y superar el estigma social. Los participantes del Proyecto IDEA ya no son vistos como pacientes, sino como artistas, capaces de expresar su verdadera esencia y ser reconocidos por su talento.<\/p>\n<p><strong>Voces que se alzan<\/strong><br \/>\nAntonio, uno de los artistas participantes, es un claro ejemplo de esta transformaci\u00f3n. A trav\u00e9s de la pintura, ha superado un pasado marcado por el abandono y el aislamiento, ahora ha encontrado una nueva voz. Su historia es un testimonio de c\u00f3mo el arte puede sanar y empoderar. Ahora, el arte no solo es su pasi\u00f3n, sino tambi\u00e9n su herramienta de expresi\u00f3n y crecimiento personal.<\/p>\n<p>\u00abEl arte le ha dado una voz que el estigma social hab\u00eda silenciado\u00bb, afirma Andrea Guevara, artista visual y l\u00edder del proyecto IDEA. \u00abSu transformaci\u00f3n es evidente y nos recuerda que todos merecemos ser valorados por quienes somos\u00bb.<\/p>\n<p><strong>Una invitaci\u00f3n a la comunidad<\/strong><br \/>\nLa exposici\u00f3n \u201cEl jard\u00edn de los 16 artistas\u201d estar\u00e1 abierta al p\u00fablico del 9 al 31 de octubre en el Museo Municipal de Guayaquil, ubicado en la calle Sucre entre calle Chile y Pedro Carbo. Es una invitaci\u00f3n a conocer el talento de estos artistas y a celebrar la diversidad y la inclusi\u00f3n<\/p>\n","protected":false},"excerpt":{"rendered":"<p>Guayaquil.- En un emocionante hito para la inclusi\u00f3n y la expresi\u00f3n art\u00edstica, el Proyecto IDEA (Inclusi\u00f3n, Desarrollo y Arte) presenta la primera exposici\u00f3n \u201cEl jard\u00edn de los 16 artistas\u201d, que se inaugurar\u00e1 este mi\u00e9rcoles 9 de octubre en el Museo Municipal de Guayaquil. Esta iniciativa, impulsada por el Hogar para personas con discapacidad psicosocial (HDIS) [&hellip;]<\/p>\n","protected":false},"author":2,"featured_media":19845,"comment_status":"open","ping_status":"closed","sticky":false,"template":"","format":"standard","meta":{"_jetpack_memberships_contains_paid_content":false,"footnotes":""},"categories":[13],"tags":[3128],"class_list":["post-19844","post","type-post","status-publish","format-standard","has-post-thumbnail","hentry","category-noticias-nacionales","tag-proyecto-idea"],"jetpack_featured_media_url":"https:\/\/radiocresatelital.com\/wp-content\/uploads\/2024\/10\/WhatsApp-Image-2024-10-14-at-17.28.27.jpeg","jetpack_sharing_enabled":true,"_links":{"self":[{"href":"https:\/\/radiocresatelital.com\/index.php?rest_route=\/wp\/v2\/posts\/19844","targetHints":{"allow":["GET"]}}],"collection":[{"href":"https:\/\/radiocresatelital.com\/index.php?rest_route=\/wp\/v2\/posts"}],"about":[{"href":"https:\/\/radiocresatelital.com\/index.php?rest_route=\/wp\/v2\/types\/post"}],"author":[{"embeddable":true,"href":"https:\/\/radiocresatelital.com\/index.php?rest_route=\/wp\/v2\/users\/2"}],"replies":[{"embeddable":true,"href":"https:\/\/radiocresatelital.com\/index.php?rest_route=%2Fwp%2Fv2%2Fcomments&post=19844"}],"version-history":[{"count":1,"href":"https:\/\/radiocresatelital.com\/index.php?rest_route=\/wp\/v2\/posts\/19844\/revisions"}],"predecessor-version":[{"id":19846,"href":"https:\/\/radiocresatelital.com\/index.php?rest_route=\/wp\/v2\/posts\/19844\/revisions\/19846"}],"wp:featuredmedia":[{"embeddable":true,"href":"https:\/\/radiocresatelital.com\/index.php?rest_route=\/wp\/v2\/media\/19845"}],"wp:attachment":[{"href":"https:\/\/radiocresatelital.com\/index.php?rest_route=%2Fwp%2Fv2%2Fmedia&parent=19844"}],"wp:term":[{"taxonomy":"category","embeddable":true,"href":"https:\/\/radiocresatelital.com\/index.php?rest_route=%2Fwp%2Fv2%2Fcategories&post=19844"},{"taxonomy":"post_tag","embeddable":true,"href":"https:\/\/radiocresatelital.com\/index.php?rest_route=%2Fwp%2Fv2%2Ftags&post=19844"}],"curies":[{"name":"wp","href":"https:\/\/api.w.org\/{rel}","templated":true}]}}