{"id":19828,"date":"2024-10-14T20:52:01","date_gmt":"2024-10-14T20:52:01","guid":{"rendered":"https:\/\/radiocresatelital.com\/?p=19828"},"modified":"2024-10-14T20:52:01","modified_gmt":"2024-10-14T20:52:01","slug":"ante-los-recientes-hechos-de-violencia-registrados-en-duran","status":"publish","type":"post","link":"https:\/\/radiocresatelital.com\/?p=19828","title":{"rendered":"Ante los recientes hechos de violencia registrados en Dur\u00e1n"},"content":{"rendered":"<p>Dur\u00e1n.- Reiteramos nuestro rechazo absoluto a la violencia que azota a diario a la ciudad, realidad de la que no escapan los trabajadores y colaboradores municipales, as\u00ed como de las empresas adscritas que a diario se exponen a los peligros propios que enfrenta la ciudad, debido en gran medida a la ausencia hist\u00f3rica del Estado en el tema de seguridad ciudadana y a la falta de una estrategia integral, como lo afirm\u00f3 el nuevo el Jefe de la Polic\u00eda de Dur\u00e1n, Roberto Santamar\u00eda.<\/p>\n<p>Desde nuestras competencias, pese a todo el escenario local, no hemos parado de cumplir en nuestras atribuciones, avanzando en la recuperaci\u00f3n del espacio p\u00fablico con programas como Transformando tu barrio, Transformando Vidas y dem\u00e1s proyectos que nos ayuden a empoderar a la ciudadan\u00eda con herramientas de superaci\u00f3n y desarrollo.<\/p>\n<p>Asimismo, en nuestra labor articuladora con las fuerzas del orden p\u00fablico, hemos apoyado con todo lo que ha estado en nuestro alcance para facilitar en sus labores. En materia de infraestructura, entregamos dos unidades policiales para el uso de la Polic\u00eda Nacional, en la Abel Gilbert y el Cerro Las Cabras.<\/p>\n<p>De igual forma, al encontrarnos con un sistema de c\u00e1maras de videovigilancia con un 50% de operatividad, aumentamos en un 75% de operatividad, asimismo el Consejo de Seguridad de Dur\u00e1n (CSD), en este mes de noviembre ejecutar\u00e1 el mantenimiento a las 150 c\u00e1maras con los que cuenta la ciudad.<\/p>\n<p>Asimismo hemos tocado puerta con dem\u00e1s instituciones, concretando el Plan de Convivencia Pac\u00edfica y Gobernanza Ciudadana que fue elaborado por la oficina de Nacional Unidas y el Ministerio del Interior, con el fin de fortalecer la colaboraci\u00f3n y coordinaci\u00f3n entre todas las entidades involucradas en la seguridad ciudadana.<\/p>\n<p>Dentro de este marco, se han venido desarrollando una serie de proyectos cuyo objetivo es favorecer la prevenci\u00f3n social, fortalecer las capacidades institucionales y reforzar las actividades comunitarias, para promover un ambiente m\u00e1s seguro y pac\u00edfico para todos los habitantes del cant\u00f3n.<\/p>\n<p>En este sentido coincidimos con las expresiones ofrecidas ante los medios de comunicaci\u00f3n por parte del nuevo jefe de la polic\u00eda de Dur\u00e1n Roberto Santamar\u00eda, en las que enfatiza que los operativos y la detenci\u00f3n de delincuentes, as\u00ed como la incautaci\u00f3n de armas y drogas, son medidas necesarias, pero insuficientes para detener la violencia.<\/p>\n<p>Lo que realmente se necesita, sostiene, es un plan integral que involucre a todas las instituciones del Estado, as\u00ed como una actualizaci\u00f3n de las leyes que permitan a la polic\u00eda actuar con mayor rapidez y efectividad.<\/p>\n<p>Desde esta administraci\u00f3n, en l\u00ednea con los principios siempre promovidos por nuestro alcalde Luis Chonillo, mantenemos nuestro compromiso total para brindar todo el apoyo posible a las fuerzas del orden p\u00fablico.<\/p>\n","protected":false},"excerpt":{"rendered":"<p>Dur\u00e1n.- Reiteramos nuestro rechazo absoluto a la violencia que azota a diario a la ciudad, realidad de la que no escapan los trabajadores y colaboradores municipales, as\u00ed como de las empresas adscritas que a diario se exponen a los peligros propios que enfrenta la ciudad, debido en gran medida a la ausencia hist\u00f3rica del Estado [&hellip;]<\/p>\n","protected":false},"author":2,"featured_media":19829,"comment_status":"open","ping_status":"closed","sticky":false,"template":"","format":"standard","meta":{"_jetpack_memberships_contains_paid_content":false,"footnotes":""},"categories":[13],"tags":[45],"class_list":["post-19828","post","type-post","status-publish","format-standard","has-post-thumbnail","hentry","category-noticias-nacionales","tag-duran"],"jetpack_featured_media_url":"https:\/\/radiocresatelital.com\/wp-content\/uploads\/2024\/10\/Duran.jpg","jetpack_sharing_enabled":true,"_links":{"self":[{"href":"https:\/\/radiocresatelital.com\/index.php?rest_route=\/wp\/v2\/posts\/19828","targetHints":{"allow":["GET"]}}],"collection":[{"href":"https:\/\/radiocresatelital.com\/index.php?rest_route=\/wp\/v2\/posts"}],"about":[{"href":"https:\/\/radiocresatelital.com\/index.php?rest_route=\/wp\/v2\/types\/post"}],"author":[{"embeddable":true,"href":"https:\/\/radiocresatelital.com\/index.php?rest_route=\/wp\/v2\/users\/2"}],"replies":[{"embeddable":true,"href":"https:\/\/radiocresatelital.com\/index.php?rest_route=%2Fwp%2Fv2%2Fcomments&post=19828"}],"version-history":[{"count":1,"href":"https:\/\/radiocresatelital.com\/index.php?rest_route=\/wp\/v2\/posts\/19828\/revisions"}],"predecessor-version":[{"id":19830,"href":"https:\/\/radiocresatelital.com\/index.php?rest_route=\/wp\/v2\/posts\/19828\/revisions\/19830"}],"wp:featuredmedia":[{"embeddable":true,"href":"https:\/\/radiocresatelital.com\/index.php?rest_route=\/wp\/v2\/media\/19829"}],"wp:attachment":[{"href":"https:\/\/radiocresatelital.com\/index.php?rest_route=%2Fwp%2Fv2%2Fmedia&parent=19828"}],"wp:term":[{"taxonomy":"category","embeddable":true,"href":"https:\/\/radiocresatelital.com\/index.php?rest_route=%2Fwp%2Fv2%2Fcategories&post=19828"},{"taxonomy":"post_tag","embeddable":true,"href":"https:\/\/radiocresatelital.com\/index.php?rest_route=%2Fwp%2Fv2%2Ftags&post=19828"}],"curies":[{"name":"wp","href":"https:\/\/api.w.org\/{rel}","templated":true}]}}