{"id":19821,"date":"2024-10-14T17:01:39","date_gmt":"2024-10-14T17:01:39","guid":{"rendered":"https:\/\/radiocresatelital.com\/?p=19821"},"modified":"2024-10-14T17:01:39","modified_gmt":"2024-10-14T17:01:39","slug":"gobierno-de-noboa-analiza-solicitar-captura-de-rafael-correa-a-la-interpol","status":"publish","type":"post","link":"https:\/\/radiocresatelital.com\/?p=19821","title":{"rendered":"Gobierno de Noboa analiza solicitar captura de Rafael Correa a la INTERPOL"},"content":{"rendered":"<p style=\"text-align: center;\">\n<p>Quito.- El gobierno de Daniel Noboa analiza pedir a la\u00a0 Procuradur\u00eda General del Estado estudi\u00e9 el correspondiente pedido a la INTERPOL de solicitar difusi\u00f3n roja para Rafael Correa, luego de que el Departamento de Estado de Estados Unidos ha prohibido la entrada al pa\u00eds a Rafael Correa, expresidente de Ecuador, por su \u201cparticipaci\u00f3n en actos de corrupci\u00f3n significativos durante su mandato p\u00fablico\u201d, seg\u00fan informaci\u00f3n oficial.<\/p>\n<p>El Gobierno de Joe Biden sostiene que tanto Rafael Correa, expresidente del Ecuador, como Jorge Glas, ex vicepresidente abusaron de sus cargos al aceptar sobornos y liderar chantajes, incluso a trav\u00e9s de contribuciones pol\u00edticas, a cambio de otorgar contratos gubernamentales favorables.<\/p>\n<p>Cabe resaltar que anteriores gobiernos ya han solicitado lo mismo a la INTERPOL, pero la respuesta fue negativa, solo contestaron que no interven\u00edan en temas pol\u00edticos, sin embargo hay sentencias penales de por medio y ahora el reconocimiento de EE.UU. del conetimiento de actos de corrupcion.<\/p>\n","protected":false},"excerpt":{"rendered":"<p>Quito.- El gobierno de Daniel Noboa analiza pedir a la\u00a0 Procuradur\u00eda General del Estado estudi\u00e9 el correspondiente pedido a la INTERPOL de solicitar difusi\u00f3n roja para Rafael Correa, luego de que el Departamento de Estado de Estados Unidos ha prohibido la entrada al pa\u00eds a Rafael Correa, expresidente de Ecuador, por su \u201cparticipaci\u00f3n en actos [&hellip;]<\/p>\n","protected":false},"author":3,"featured_media":19822,"comment_status":"open","ping_status":"closed","sticky":false,"template":"","format":"standard","meta":{"_jetpack_memberships_contains_paid_content":false,"footnotes":""},"categories":[13],"tags":[],"class_list":["post-19821","post","type-post","status-publish","format-standard","has-post-thumbnail","hentry","category-noticias-nacionales"],"jetpack_featured_media_url":"https:\/\/radiocresatelital.com\/wp-content\/uploads\/2024\/10\/IMG_20241014_120046.jpg","jetpack_sharing_enabled":true,"_links":{"self":[{"href":"https:\/\/radiocresatelital.com\/index.php?rest_route=\/wp\/v2\/posts\/19821","targetHints":{"allow":["GET"]}}],"collection":[{"href":"https:\/\/radiocresatelital.com\/index.php?rest_route=\/wp\/v2\/posts"}],"about":[{"href":"https:\/\/radiocresatelital.com\/index.php?rest_route=\/wp\/v2\/types\/post"}],"author":[{"embeddable":true,"href":"https:\/\/radiocresatelital.com\/index.php?rest_route=\/wp\/v2\/users\/3"}],"replies":[{"embeddable":true,"href":"https:\/\/radiocresatelital.com\/index.php?rest_route=%2Fwp%2Fv2%2Fcomments&post=19821"}],"version-history":[{"count":1,"href":"https:\/\/radiocresatelital.com\/index.php?rest_route=\/wp\/v2\/posts\/19821\/revisions"}],"predecessor-version":[{"id":19823,"href":"https:\/\/radiocresatelital.com\/index.php?rest_route=\/wp\/v2\/posts\/19821\/revisions\/19823"}],"wp:featuredmedia":[{"embeddable":true,"href":"https:\/\/radiocresatelital.com\/index.php?rest_route=\/wp\/v2\/media\/19822"}],"wp:attachment":[{"href":"https:\/\/radiocresatelital.com\/index.php?rest_route=%2Fwp%2Fv2%2Fmedia&parent=19821"}],"wp:term":[{"taxonomy":"category","embeddable":true,"href":"https:\/\/radiocresatelital.com\/index.php?rest_route=%2Fwp%2Fv2%2Fcategories&post=19821"},{"taxonomy":"post_tag","embeddable":true,"href":"https:\/\/radiocresatelital.com\/index.php?rest_route=%2Fwp%2Fv2%2Ftags&post=19821"}],"curies":[{"name":"wp","href":"https:\/\/api.w.org\/{rel}","templated":true}]}}