{"id":19817,"date":"2024-10-14T16:45:22","date_gmt":"2024-10-14T16:45:22","guid":{"rendered":"https:\/\/radiocresatelital.com\/?p=19817"},"modified":"2024-10-14T16:45:22","modified_gmt":"2024-10-14T16:45:22","slug":"rio-amazonas-sufre-la-peor-sequia-de-los-ultimos-122-anos","status":"publish","type":"post","link":"https:\/\/radiocresatelital.com\/?p=19817","title":{"rendered":"R\u00edo Amazonas sufre la peor sequ\u00eda de los \u00faltimos 122 a\u00f1os"},"content":{"rendered":"<p>Brasil.- El r\u00edo Amazonas que cruza toda la selva oriental sudamericana, considerada pulm\u00f3n del mundo, sufre el m\u00e1s bajo nivel de agua de los \u00faltimos 122 a\u00f1os, poniendo al borde del exterminio algunas especies end\u00e9micas y en una muy grave situaci\u00f3n, tanto a los grupos no contactados como a las distintas comunidades que sobreviven del comercio que fluye por este importante r\u00edo. a<\/p>\n<p>Este, el r\u00edo m\u00e1s caudaloso del mundo,ha bajado en m\u00e1s de 10 metros su nivel en los \u00faltimos 40 d\u00edas, seg\u00fan se ha contratado en ciudades como Manos en Brasil.<\/p>\n<p>La situaci\u00f3n desesperante desesperante que atraviesa el Amazonas, refleja la crisis pr\u00e1cticamente mundial que atraviesa el planeta por la falta del l\u00edquido vital.<\/p>\n<p>&nbsp;<\/p>\n","protected":false},"excerpt":{"rendered":"<p>Brasil.- El r\u00edo Amazonas que cruza toda la selva oriental sudamericana, considerada pulm\u00f3n del mundo, sufre el m\u00e1s bajo nivel de agua de los \u00faltimos 122 a\u00f1os, poniendo al borde del exterminio algunas especies end\u00e9micas y en una muy grave situaci\u00f3n, tanto a los grupos no contactados como a las distintas comunidades que sobreviven del [&hellip;]<\/p>\n","protected":false},"author":3,"featured_media":19819,"comment_status":"open","ping_status":"closed","sticky":false,"template":"","format":"standard","meta":{"_jetpack_memberships_contains_paid_content":false,"footnotes":""},"categories":[13],"tags":[],"class_list":["post-19817","post","type-post","status-publish","format-standard","has-post-thumbnail","hentry","category-noticias-nacionales"],"jetpack_featured_media_url":"https:\/\/radiocresatelital.com\/wp-content\/uploads\/2024\/10\/IMG_20241014_114325-1.jpg","jetpack_sharing_enabled":true,"_links":{"self":[{"href":"https:\/\/radiocresatelital.com\/index.php?rest_route=\/wp\/v2\/posts\/19817","targetHints":{"allow":["GET"]}}],"collection":[{"href":"https:\/\/radiocresatelital.com\/index.php?rest_route=\/wp\/v2\/posts"}],"about":[{"href":"https:\/\/radiocresatelital.com\/index.php?rest_route=\/wp\/v2\/types\/post"}],"author":[{"embeddable":true,"href":"https:\/\/radiocresatelital.com\/index.php?rest_route=\/wp\/v2\/users\/3"}],"replies":[{"embeddable":true,"href":"https:\/\/radiocresatelital.com\/index.php?rest_route=%2Fwp%2Fv2%2Fcomments&post=19817"}],"version-history":[{"count":1,"href":"https:\/\/radiocresatelital.com\/index.php?rest_route=\/wp\/v2\/posts\/19817\/revisions"}],"predecessor-version":[{"id":19820,"href":"https:\/\/radiocresatelital.com\/index.php?rest_route=\/wp\/v2\/posts\/19817\/revisions\/19820"}],"wp:featuredmedia":[{"embeddable":true,"href":"https:\/\/radiocresatelital.com\/index.php?rest_route=\/wp\/v2\/media\/19819"}],"wp:attachment":[{"href":"https:\/\/radiocresatelital.com\/index.php?rest_route=%2Fwp%2Fv2%2Fmedia&parent=19817"}],"wp:term":[{"taxonomy":"category","embeddable":true,"href":"https:\/\/radiocresatelital.com\/index.php?rest_route=%2Fwp%2Fv2%2Fcategories&post=19817"},{"taxonomy":"post_tag","embeddable":true,"href":"https:\/\/radiocresatelital.com\/index.php?rest_route=%2Fwp%2Fv2%2Ftags&post=19817"}],"curies":[{"name":"wp","href":"https:\/\/api.w.org\/{rel}","templated":true}]}}