{"id":19814,"date":"2024-10-14T16:02:51","date_gmt":"2024-10-14T16:02:51","guid":{"rendered":"https:\/\/radiocresatelital.com\/?p=19814"},"modified":"2024-10-14T16:02:51","modified_gmt":"2024-10-14T16:02:51","slug":"entre-sumas-y-restas-de-megavatios-viceministro-de-electricidad-intenta-alumbrar-el-panorama-del-pais","status":"publish","type":"post","link":"https:\/\/radiocresatelital.com\/?p=19814","title":{"rendered":"Entre sumas y restas de Megavatios, viceministro de electricidad intenta alumbrar el panorama del pa\u00eds"},"content":{"rendered":"<p dir=\"ltr\">Quito.-Fabi\u00e1n Calero Freire, asegura que el gobierno nacional trabaja constantemente en la ejecuci\u00f3n de acciones que nos permitan afrontar la emergencia energ\u00e9tica que atraviesa el pa\u00eds.<\/p>\n<p dir=\"ltr\">En una entrevista radial Calero hizo cuentas de los Megavatios que se han contratado y los que entrar\u00e1n en servicio hasta Diciembre de este a\u00f1o: Se contrataron 341 MW: 100 MW de renta de generaci\u00f3n; H100 MW para instalar en Salitral hasta finales de noviembre; e Quevedo 50 MW para instalarse hasta noviembre; y hasta diciembre 91 MW m\u00e1s en Esmeraldas \u201d.<\/p>\n<p dir=\"ltr\">El viceministro, recalc\u00f3 que el gobierno est\u00e1 proponiendo soluciones t\u00e9cnicas y responsables. \u00abTengan la seguridad de que trabajamos para reducir las afectaciones por la sequ\u00eda. Tomamos las acciones necesarias para una soluci\u00f3n definitiva y con m\u00ednimo impacto a la ciudadan\u00eda\u201d, concluy\u00f3.<\/p>\n","protected":false},"excerpt":{"rendered":"<p>Quito.-Fabi\u00e1n Calero Freire, asegura que el gobierno nacional trabaja constantemente en la ejecuci\u00f3n de acciones que nos permitan afrontar la emergencia energ\u00e9tica que atraviesa el pa\u00eds. En una entrevista radial Calero hizo cuentas de los Megavatios que se han contratado y los que entrar\u00e1n en servicio hasta Diciembre de este a\u00f1o: Se contrataron 341 MW: [&hellip;]<\/p>\n","protected":false},"author":3,"featured_media":19815,"comment_status":"open","ping_status":"closed","sticky":false,"template":"","format":"standard","meta":{"_jetpack_memberships_contains_paid_content":false,"footnotes":""},"categories":[13],"tags":[2538],"class_list":["post-19814","post","type-post","status-publish","format-standard","has-post-thumbnail","hentry","category-noticias-nacionales","tag-apagones"],"jetpack_featured_media_url":"https:\/\/radiocresatelital.com\/wp-content\/uploads\/2024\/10\/IMG_20241014_110054.jpg","jetpack_sharing_enabled":true,"_links":{"self":[{"href":"https:\/\/radiocresatelital.com\/index.php?rest_route=\/wp\/v2\/posts\/19814","targetHints":{"allow":["GET"]}}],"collection":[{"href":"https:\/\/radiocresatelital.com\/index.php?rest_route=\/wp\/v2\/posts"}],"about":[{"href":"https:\/\/radiocresatelital.com\/index.php?rest_route=\/wp\/v2\/types\/post"}],"author":[{"embeddable":true,"href":"https:\/\/radiocresatelital.com\/index.php?rest_route=\/wp\/v2\/users\/3"}],"replies":[{"embeddable":true,"href":"https:\/\/radiocresatelital.com\/index.php?rest_route=%2Fwp%2Fv2%2Fcomments&post=19814"}],"version-history":[{"count":1,"href":"https:\/\/radiocresatelital.com\/index.php?rest_route=\/wp\/v2\/posts\/19814\/revisions"}],"predecessor-version":[{"id":19816,"href":"https:\/\/radiocresatelital.com\/index.php?rest_route=\/wp\/v2\/posts\/19814\/revisions\/19816"}],"wp:featuredmedia":[{"embeddable":true,"href":"https:\/\/radiocresatelital.com\/index.php?rest_route=\/wp\/v2\/media\/19815"}],"wp:attachment":[{"href":"https:\/\/radiocresatelital.com\/index.php?rest_route=%2Fwp%2Fv2%2Fmedia&parent=19814"}],"wp:term":[{"taxonomy":"category","embeddable":true,"href":"https:\/\/radiocresatelital.com\/index.php?rest_route=%2Fwp%2Fv2%2Fcategories&post=19814"},{"taxonomy":"post_tag","embeddable":true,"href":"https:\/\/radiocresatelital.com\/index.php?rest_route=%2Fwp%2Fv2%2Ftags&post=19814"}],"curies":[{"name":"wp","href":"https:\/\/api.w.org\/{rel}","templated":true}]}}