{"id":19798,"date":"2024-10-12T19:18:43","date_gmt":"2024-10-12T19:18:43","guid":{"rendered":"https:\/\/radiocresatelital.com\/?p=19798"},"modified":"2024-10-12T19:18:58","modified_gmt":"2024-10-12T19:18:58","slug":"mas-de-10-000-asistentes-a-guayason-2024-contribuyeron-a-la-reactivacion-economica-de-la-provincia","status":"publish","type":"post","link":"https:\/\/radiocresatelital.com\/?p=19798","title":{"rendered":"M\u00e1s de 10.000 asistentes a Guayas\u00f3n 2024 contribuyeron a la reactivaci\u00f3n econ\u00f3mica de la provincia"},"content":{"rendered":"<p><span style=\"font-weight: 400;\">Guayaquil.- La feria Guayas\u00f3n 2024, organizada por la Prefectura Ciudadana del Guayas, cumpli\u00f3 su objetivo de trabajar por la reactivaci\u00f3n econ\u00f3mica de la provincia, al reunir a m\u00e1s de 10.000 asistentes que consumieron los productos de 116 emprendedores y disfrutaron de un espect\u00e1culo seguro.<\/span><\/p>\n<p><span style=\"font-weight: 400;\">La feria signific\u00f3 ganancias para sus participantes. \u201cTrajimos 100 encebollados y se acabaron. La acogida fue impresionante\u201d, expres\u00f3 Kelly Bowen, due\u00f1a del Encebollado de Don Juan, quien vendi\u00f3 toda su producci\u00f3n en solo dos horas. Jefferson Sol\u00f3rzano, de Uji Caf\u00e9, destac\u00f3 el liderazgo de Marcela Agui\u00f1aga. \u201cBastantes marcas nos hemos visto afectados (por la crisis energ\u00e9tica) y esta es una oportunidad para reactivar nuestras econom\u00edas y llevar dinero a los hogares y a nuestras familias\u201d, se\u00f1al\u00f3.<\/span><\/p>\n<p><span style=\"font-weight: 400;\">La prefecta Marcela Agui\u00f1aga y el viceprefecto Carlos Serrano compartieron con los emprendedores, degustaron los productos y tambi\u00e9n compartieron el show art\u00edstico. La Orquesta Sinf\u00f3nica Juvenil del Guayas abri\u00f3 la agenda de presentaciones. La fiesta continu\u00f3 con Luis Rueda, Lucas Napolitano, Grupo Deseo, Chicha Power, Iguana Brava, Armada de Juguete, Montuno, DJ Riverati y DJ Jos\u00e9 Antonio Valencia.\u00a0<\/span><\/p>\n<p><span style=\"font-weight: 400;\">Los guayasenses se tomaron masivamente las calles para bailar y corear su m\u00fasica preferida. El evento se desarroll\u00f3 en un entorno seguro, limpio y ordenado. Personal de la Prefectura Ciudadana del Guayas ayud\u00f3 a emprendedores y visitantes; y se coordin\u00f3 un riguroso operativo de seguridad con ATM, Cruz Roja, Municipalidad de Guayaquil, Polic\u00eda Nacional y ECU 911.<\/span><\/p>\n<p><span style=\"font-weight: 400;\">\u201cGuayaquil es luz y los guayaquile\u00f1os no nos dejamos vencer. Guayas es luz en Ecuador y la Prefectura del Guayas no se apaga jam\u00e1s\u201d, se\u00f1al\u00f3 Marcela Agui\u00f1aga al cierre del evento, que tambi\u00e9n tuvo la intervenci\u00f3n art\u00edstica del salsero puertorrique\u00f1o Norberto V\u00e9lez.<\/span><\/p>\n","protected":false},"excerpt":{"rendered":"<p>Guayaquil.- La feria Guayas\u00f3n 2024, organizada por la Prefectura Ciudadana del Guayas, cumpli\u00f3 su objetivo de trabajar por la reactivaci\u00f3n econ\u00f3mica de la provincia, al reunir a m\u00e1s de 10.000 asistentes que consumieron los productos de 116 emprendedores y disfrutaron de un espect\u00e1culo seguro. La feria signific\u00f3 ganancias para sus participantes. \u201cTrajimos 100 encebollados y [&hellip;]<\/p>\n","protected":false},"author":2,"featured_media":19799,"comment_status":"open","ping_status":"closed","sticky":false,"template":"","format":"standard","meta":{"_jetpack_memberships_contains_paid_content":false,"footnotes":""},"categories":[13],"tags":[3120,415],"class_list":["post-19798","post","type-post","status-publish","format-standard","has-post-thumbnail","hentry","category-noticias-nacionales","tag-feria-guayason","tag-prefectura-ciudadana-del-guayas"],"jetpack_featured_media_url":"https:\/\/radiocresatelital.com\/wp-content\/uploads\/2024\/10\/WhatsApp-Image-2024-10-11-at-4.24.24-PM1-scaled.jpeg","jetpack_sharing_enabled":true,"_links":{"self":[{"href":"https:\/\/radiocresatelital.com\/index.php?rest_route=\/wp\/v2\/posts\/19798","targetHints":{"allow":["GET"]}}],"collection":[{"href":"https:\/\/radiocresatelital.com\/index.php?rest_route=\/wp\/v2\/posts"}],"about":[{"href":"https:\/\/radiocresatelital.com\/index.php?rest_route=\/wp\/v2\/types\/post"}],"author":[{"embeddable":true,"href":"https:\/\/radiocresatelital.com\/index.php?rest_route=\/wp\/v2\/users\/2"}],"replies":[{"embeddable":true,"href":"https:\/\/radiocresatelital.com\/index.php?rest_route=%2Fwp%2Fv2%2Fcomments&post=19798"}],"version-history":[{"count":1,"href":"https:\/\/radiocresatelital.com\/index.php?rest_route=\/wp\/v2\/posts\/19798\/revisions"}],"predecessor-version":[{"id":19800,"href":"https:\/\/radiocresatelital.com\/index.php?rest_route=\/wp\/v2\/posts\/19798\/revisions\/19800"}],"wp:featuredmedia":[{"embeddable":true,"href":"https:\/\/radiocresatelital.com\/index.php?rest_route=\/wp\/v2\/media\/19799"}],"wp:attachment":[{"href":"https:\/\/radiocresatelital.com\/index.php?rest_route=%2Fwp%2Fv2%2Fmedia&parent=19798"}],"wp:term":[{"taxonomy":"category","embeddable":true,"href":"https:\/\/radiocresatelital.com\/index.php?rest_route=%2Fwp%2Fv2%2Fcategories&post=19798"},{"taxonomy":"post_tag","embeddable":true,"href":"https:\/\/radiocresatelital.com\/index.php?rest_route=%2Fwp%2Fv2%2Ftags&post=19798"}],"curies":[{"name":"wp","href":"https:\/\/api.w.org\/{rel}","templated":true}]}}