{"id":19791,"date":"2024-10-12T16:57:01","date_gmt":"2024-10-12T16:57:01","guid":{"rendered":"https:\/\/radiocresatelital.com\/?p=19791"},"modified":"2024-10-12T18:59:03","modified_gmt":"2024-10-12T18:59:03","slug":"schneider-electric-extiende-el-plazo-de-inscripciones-de-campana-dirigida-al-compromiso-profesional-y-sostenible-de-los-jovenes","status":"publish","type":"post","link":"https:\/\/radiocresatelital.com\/?p=19791","title":{"rendered":"Schneider Electric extiende el plazo de inscripciones de campa\u00f1a dirigida al compromiso profesional y sostenible de los j\u00f3venes"},"content":{"rendered":"<p class=\"x_MsoNormal\"><span lang=\"ES\" data-olk-copy-source=\"MessageBody\">Quito.- <\/span><span lang=\"ES\">Schneider Electric, organizaci\u00f3n l\u00edder en la transformaci\u00f3n digital de la gesti\u00f3n eficiente de la energ\u00eda y automatizaci\u00f3n, anuncia la ampliaci\u00f3n del plazo de\u00a0inscripciones\u00a0para el programa Youth Innovation For A Sustainable Future, las cuales se extender\u00e1n hasta el pr\u00f3ximo 13 de octubre de 2024. Una convocatoria, liderada por la Fundaci\u00f3n Schneider Electric, la cual tiene como objetivo premiar los 25 proyectos juveniles m\u00e1s innovadores e impactantes de cinco regiones del mundo: \u00c1frica, Am\u00e9ricas, Asia, Europa y Oriente Medio.<\/span><span lang=\"ES\">\u00a0<\/span><\/p>\n<p class=\"x_MsoNormal\"><span lang=\"ES\">En 2024, la Fundaci\u00f3n Schneider Electric celebra su 25\u00ba aniversario, destacando el impacto de la juventud en la promoci\u00f3n de una sociedad m\u00e1s justa y con menores emisiones de carbono. Desde su creaci\u00f3n, la instituci\u00f3n ha sido abanderada en apoyar iniciativas sociales y ambientales. Esto, habiendo capacitado a m\u00e1s de 650,000 j\u00f3venes y apoyado m\u00e1s de 1,500 proyectos a nivel global.<\/span><span lang=\"ES\">\u00a0<\/span><\/p>\n<p class=\"x_MsoNormal\"><span lang=\"ES\">El programa Youth Innovation For A Sustainable Future invita a j\u00f3venes l\u00edderes a enviar propuestas que incluyan cuestiones sociales y ambientales. El proyecto ganador del programa ser\u00e1 premiado con \u20ac50,000 euros, en anuncio que se realizar\u00e1 durante la COP-29, que se celebrar\u00e1 en el mes de noviembre en Bak\u00fa, Azerbaiy\u00e1n. Adem\u00e1s, los proyectos seleccionados tendr\u00e1n una amplia visibilidad en las redes sociales de la Fundaci\u00f3n Schneider Electric y de Ashoka.<\/span><span lang=\"ES\">\u00a0<\/span><\/p>\n<p class=\"x_MsoNormal\"><span lang=\"ES\">\u00abLas generaciones futuras tienen una misi\u00f3n muy importante en nuestra jornada de sostenibilidad e innovaci\u00f3n. Para Schneider Electric, invertir en los j\u00f3venes es fundamental para enfrentar los desaf\u00edos globales<\/span><span lang=\"ES\">\u00ab, afirma Rafael Segrera, presidente de Schneider Electric para Am\u00e9rica del Sur.<\/span><\/p>\n","protected":false},"excerpt":{"rendered":"<p>Quito.- Schneider Electric, organizaci\u00f3n l\u00edder en la transformaci\u00f3n digital de la gesti\u00f3n eficiente de la energ\u00eda y automatizaci\u00f3n, anuncia la ampliaci\u00f3n del plazo de\u00a0inscripciones\u00a0para el programa Youth Innovation For A Sustainable Future, las cuales se extender\u00e1n hasta el pr\u00f3ximo 13 de octubre de 2024. Una convocatoria, liderada por la Fundaci\u00f3n Schneider Electric, la cual tiene [&hellip;]<\/p>\n","protected":false},"author":2,"featured_media":19792,"comment_status":"open","ping_status":"closed","sticky":false,"template":"","format":"standard","meta":{"_jetpack_memberships_contains_paid_content":false,"footnotes":""},"categories":[13],"tags":[1325],"class_list":["post-19791","post","type-post","status-publish","format-standard","has-post-thumbnail","hentry","category-noticias-nacionales","tag-schneider-electric"],"jetpack_featured_media_url":"https:\/\/radiocresatelital.com\/wp-content\/uploads\/2024\/10\/VolunteerIn-IC-1080x1080-1.jpg","jetpack_sharing_enabled":true,"_links":{"self":[{"href":"https:\/\/radiocresatelital.com\/index.php?rest_route=\/wp\/v2\/posts\/19791","targetHints":{"allow":["GET"]}}],"collection":[{"href":"https:\/\/radiocresatelital.com\/index.php?rest_route=\/wp\/v2\/posts"}],"about":[{"href":"https:\/\/radiocresatelital.com\/index.php?rest_route=\/wp\/v2\/types\/post"}],"author":[{"embeddable":true,"href":"https:\/\/radiocresatelital.com\/index.php?rest_route=\/wp\/v2\/users\/2"}],"replies":[{"embeddable":true,"href":"https:\/\/radiocresatelital.com\/index.php?rest_route=%2Fwp%2Fv2%2Fcomments&post=19791"}],"version-history":[{"count":1,"href":"https:\/\/radiocresatelital.com\/index.php?rest_route=\/wp\/v2\/posts\/19791\/revisions"}],"predecessor-version":[{"id":19793,"href":"https:\/\/radiocresatelital.com\/index.php?rest_route=\/wp\/v2\/posts\/19791\/revisions\/19793"}],"wp:featuredmedia":[{"embeddable":true,"href":"https:\/\/radiocresatelital.com\/index.php?rest_route=\/wp\/v2\/media\/19792"}],"wp:attachment":[{"href":"https:\/\/radiocresatelital.com\/index.php?rest_route=%2Fwp%2Fv2%2Fmedia&parent=19791"}],"wp:term":[{"taxonomy":"category","embeddable":true,"href":"https:\/\/radiocresatelital.com\/index.php?rest_route=%2Fwp%2Fv2%2Fcategories&post=19791"},{"taxonomy":"post_tag","embeddable":true,"href":"https:\/\/radiocresatelital.com\/index.php?rest_route=%2Fwp%2Fv2%2Ftags&post=19791"}],"curies":[{"name":"wp","href":"https:\/\/api.w.org\/{rel}","templated":true}]}}