{"id":19759,"date":"2024-10-11T01:56:44","date_gmt":"2024-10-11T01:56:44","guid":{"rendered":"https:\/\/radiocresatelital.com\/?p=19759"},"modified":"2024-10-11T01:56:44","modified_gmt":"2024-10-11T01:56:44","slug":"mag-gradua-a-64-productores-de-pedernales-en-las-comunidades-de-aprendizaje","status":"publish","type":"post","link":"https:\/\/radiocresatelital.com\/?p=19759","title":{"rendered":"MAG grad\u00faa a 64 productores de Pedernales en las Comunidades de Aprendizaje"},"content":{"rendered":"<p>Portoviejo.- Sesenta y cuatro peque\u00f1os productores agropecuarios de las zonas rurales del cant\u00f3n Pedernales, en la provincia de Manab\u00ed, culminaron su formaci\u00f3n en las Comunidades de Aprendizaje que desarrolla la Subsecretar\u00eda de Agricultura Familiar Campesina del Ministerio de Agricultura y Ganader\u00eda (MAG)<\/p>\n<p>Leopoldo Viteri, director Distrital del MAG en Manab\u00ed, manifest\u00f3 que se trabaja por y para los peque\u00f1os y medianos productores con la finalidad de apoyarlos en el cambio de la manera tradicional en c\u00f3mo trabajaban desde sus fincas. \u201cAhora hay mucho m\u00e1s inter\u00e9s en los agricultores en producir y aprender, se ve reflejado en esta graduaci\u00f3n. Queremos que ahora todos se puedan seguir beneficiando con cada aporte que brinda el MAG y que sepamos que Manab\u00ed si es importante para nuestras autoridades\u201d, dijo Viteri.<\/p>\n<p>La Agricultura Familiar representa el 70% de las Unidades de Producci\u00f3n Agropecuarias (UPAs) con una concentraci\u00f3n de 20% de la tierra, cuenta con 37% del agua para riego y se dedica principalmente a la producci\u00f3n para la satisfacci\u00f3n de las necesidades b\u00e1sicas. M\u00e1s del 60% de la producci\u00f3n agr\u00edcola nacional est\u00e1 en manos de peque\u00f1os productores.<\/p>\n<p>Lourdes Barre, a nombre de los graduados, agradeci\u00f3 el apoyo que brinda el Gobierno a trav\u00e9s del Ministerio de Ministerio de Agricultura y Ganader\u00eda, todos los conocimientos adquiridos, ser\u00e1n replicados en sus comunidades a fin de mejorar la producci\u00f3n y con ello tambi\u00e9n la rentabilidad econ\u00f3mica de las familias del sector.<\/p>\n<p>Los productores recibieron por parte de los t\u00e9cnicos del MAG capacitaciones distribuidas en 14 m\u00f3dulos de capacitaci\u00f3n te\u00f3rica y pr\u00e1ctica en producci\u00f3n agroecol\u00f3gica sostenible, fortalecimiento de capacidades del sector rural, desarrollo rural territorial, cosecha y postcosecha, enfoque de g\u00e9nero la ruralidad, manejo de cultivos, crianza de animales, sistemas de participativos de garant\u00eda, manejo financiero, circuitos alternativos de comercializaci\u00f3n, fortalecimiento asociativo, di\u00e1logos de saberes, sistemas agroalimentarios sostenibles.<\/p>\n<p>El objetivo de las Comunidades de Aprendizaje que desarrollan el MAG es conjugar el rescate de conocimientos ancestrales y combinarlos con innovaci\u00f3n tecnol\u00f3gica para mejorar el proceso de producci\u00f3n de la Agricultura Familiar Campesina (AFC).<\/p>\n","protected":false},"excerpt":{"rendered":"<p>Portoviejo.- Sesenta y cuatro peque\u00f1os productores agropecuarios de las zonas rurales del cant\u00f3n Pedernales, en la provincia de Manab\u00ed, culminaron su formaci\u00f3n en las Comunidades de Aprendizaje que desarrolla la Subsecretar\u00eda de Agricultura Familiar Campesina del Ministerio de Agricultura y Ganader\u00eda (MAG) Leopoldo Viteri, director Distrital del MAG en Manab\u00ed, manifest\u00f3 que se trabaja por [&hellip;]<\/p>\n","protected":false},"author":2,"featured_media":19760,"comment_status":"open","ping_status":"closed","sticky":false,"template":"","format":"standard","meta":{"_jetpack_memberships_contains_paid_content":false,"footnotes":""},"categories":[13],"tags":[294],"class_list":["post-19759","post","type-post","status-publish","format-standard","has-post-thumbnail","hentry","category-noticias-nacionales","tag-ministerio-de-agricultura-y-ganaderia"],"jetpack_featured_media_url":"https:\/\/radiocresatelital.com\/wp-content\/uploads\/2024\/10\/WhatsApp-Image-2024-03-21-at-13.17.09.jpeg","jetpack_sharing_enabled":true,"_links":{"self":[{"href":"https:\/\/radiocresatelital.com\/index.php?rest_route=\/wp\/v2\/posts\/19759","targetHints":{"allow":["GET"]}}],"collection":[{"href":"https:\/\/radiocresatelital.com\/index.php?rest_route=\/wp\/v2\/posts"}],"about":[{"href":"https:\/\/radiocresatelital.com\/index.php?rest_route=\/wp\/v2\/types\/post"}],"author":[{"embeddable":true,"href":"https:\/\/radiocresatelital.com\/index.php?rest_route=\/wp\/v2\/users\/2"}],"replies":[{"embeddable":true,"href":"https:\/\/radiocresatelital.com\/index.php?rest_route=%2Fwp%2Fv2%2Fcomments&post=19759"}],"version-history":[{"count":1,"href":"https:\/\/radiocresatelital.com\/index.php?rest_route=\/wp\/v2\/posts\/19759\/revisions"}],"predecessor-version":[{"id":19761,"href":"https:\/\/radiocresatelital.com\/index.php?rest_route=\/wp\/v2\/posts\/19759\/revisions\/19761"}],"wp:featuredmedia":[{"embeddable":true,"href":"https:\/\/radiocresatelital.com\/index.php?rest_route=\/wp\/v2\/media\/19760"}],"wp:attachment":[{"href":"https:\/\/radiocresatelital.com\/index.php?rest_route=%2Fwp%2Fv2%2Fmedia&parent=19759"}],"wp:term":[{"taxonomy":"category","embeddable":true,"href":"https:\/\/radiocresatelital.com\/index.php?rest_route=%2Fwp%2Fv2%2Fcategories&post=19759"},{"taxonomy":"post_tag","embeddable":true,"href":"https:\/\/radiocresatelital.com\/index.php?rest_route=%2Fwp%2Fv2%2Ftags&post=19759"}],"curies":[{"name":"wp","href":"https:\/\/api.w.org\/{rel}","templated":true}]}}