{"id":19698,"date":"2024-10-09T20:18:09","date_gmt":"2024-10-09T20:18:09","guid":{"rendered":"https:\/\/radiocresatelital.com\/?p=19698"},"modified":"2024-10-09T20:18:22","modified_gmt":"2024-10-09T20:18:22","slug":"destino-de-luz-proyecta-la-catedral-de-guayaquil-al-mundo-con-fe-y-turismo","status":"publish","type":"post","link":"https:\/\/radiocresatelital.com\/?p=19698","title":{"rendered":"Destino de Luz proyecta la Catedral de Guayaquil al mundo con fe y turismo"},"content":{"rendered":"<p><span style=\"font-weight: 400;\">Guayaquil.- Turistas nacionales y extranjeros podr\u00e1n visitar de forma diferente la Catedral de San Pedro, desde este mi\u00e9rcoles, 9 de octubre. El convenio firmado entre la Prefectura Ciudadana del Guayas y la parroquia El Sagrario proyecta al principal templo cat\u00f3lico de Guayaquil con recorridos a zonas poco conocidas.<\/span><\/p>\n<p><span style=\"font-weight: 400;\">La prefecta Marcela Agui\u00f1aga particip\u00f3 en el acto inaugural y de entrega de avances de este proyecto tur\u00edstico y de fe que abre la Catedral al mundo. En \u00e9l participaron, tambi\u00e9n, el arzobispo de Quito, monse\u00f1or Alfredo Espinoza; el rector de la catedral, Francisco Sojos, entre otros.<\/span><\/p>\n<p><span style=\"font-weight: 400;\">El acto inaugural result\u00f3 en una experiencia inmersiva impresionante, porque los asistentes pudieron recorrer el Paseo por los Santos a las Alturas, un extenso pasillo habilitado para poder observar de cerca los hermosos vitrales o el interior de la catedral. El recorrido incluy\u00f3 el acceso al coro, la torre norte, el balc\u00f3n de la fachada.<\/span><\/p>\n<p><span style=\"font-weight: 400;\">Chicos de la Orquesta Sinf\u00f3nica Juvenil de la Prefectura Ciudadana del Guayas y sopranos se ubicaron en sitios estrat\u00e9gicos para interpretar m\u00fasica sacra, creando un ambiente sobrecogedor. Tambi\u00e9n llam\u00f3 la atenci\u00f3n el Bel\u00e9n M\u00e1gico, una representaci\u00f3n animatr\u00f3nica del nacimiento de Jes\u00fas, que incluye nieve, rel\u00e1mpagos y riachuelos, y estar\u00e1 disponible hasta enero de 2025 en la iglesia El Sagrario.<\/span><\/p>\n<p><span style=\"font-weight: 400;\">\u201cPara nosotros es un d\u00eda de celebraci\u00f3n y de esperanza para nuestra querida Guayaquil. Nos reunimos aqu\u00ed en este emblem\u00e1tico lugar para dar inicio a este proyecto que no solo ilumina a la Catedral, sino que tambi\u00e9n iluminar\u00e1 los corazones de todos\u201d, expres\u00f3 Marcela Agui\u00f1aga en la ceremonia formal.\u00a0<\/span><\/p>\n<p><span style=\"font-weight: 400;\">El apoyo de la Prefectura Ciudadana del Guayas se dio a trav\u00e9s de la promoci\u00f3n con la Direcci\u00f3n de Turismo y el aporte de 360 mil d\u00f3lares para financiar las obras de infraestructura. La ejecutiva guayasense anunci\u00f3 un nuevo aporte de USD 360.000 para el pr\u00f3ximo a\u00f1o.\u00a0<\/span><\/p>\n<p><span style=\"font-weight: 400;\">\u201cQueremos reactivar el turismo, fomentar el encuentro de las familias en el centro de Guayaquil y brindar un rayo de esperanza a nuestra gente. Nuestra catedral ser\u00e1 un faro de luz que atraer\u00e1 a turistas tantos nacionales como extranjeros\u201d, remarc\u00f3 la prefecta Agui\u00f1aga.<\/span><\/p>\n<p><span style=\"font-weight: 400;\">El padre Sojos anunci\u00f3 que se ha coordinado con la Polic\u00eda para que las visitas se den en un espacio seguro, pues se cuenta con seguridad privada y personal policial. Mientras que monse\u00f1or Espinoza expres\u00f3 su alegr\u00eda por la iniciativa de fe y turismo. \u201cCada uno de nosotros debemos ser esos destellos de la luz de Dios para los dem\u00e1s\u201d, se\u00f1al\u00f3 el tambi\u00e9n vicepresidente de la Conferencia Episcopal Ecuatoriana.<\/span><\/p>\n","protected":false},"excerpt":{"rendered":"<p>Guayaquil.- Turistas nacionales y extranjeros podr\u00e1n visitar de forma diferente la Catedral de San Pedro, desde este mi\u00e9rcoles, 9 de octubre. El convenio firmado entre la Prefectura Ciudadana del Guayas y la parroquia El Sagrario proyecta al principal templo cat\u00f3lico de Guayaquil con recorridos a zonas poco conocidas. La prefecta Marcela Agui\u00f1aga particip\u00f3 en el [&hellip;]<\/p>\n","protected":false},"author":2,"featured_media":19699,"comment_status":"open","ping_status":"closed","sticky":false,"template":"","format":"standard","meta":{"_jetpack_memberships_contains_paid_content":false,"footnotes":""},"categories":[13],"tags":[3105,248,415],"class_list":["post-19698","post","type-post","status-publish","format-standard","has-post-thumbnail","hentry","category-noticias-nacionales","tag-catedral-de-san-pedro","tag-marcela-aguinaga","tag-prefectura-ciudadana-del-guayas"],"jetpack_featured_media_url":"https:\/\/radiocresatelital.com\/wp-content\/uploads\/2024\/10\/WhatsApp-Image-2024-10-09-at-08.10.07-4-scaled.jpeg","jetpack_sharing_enabled":true,"_links":{"self":[{"href":"https:\/\/radiocresatelital.com\/index.php?rest_route=\/wp\/v2\/posts\/19698","targetHints":{"allow":["GET"]}}],"collection":[{"href":"https:\/\/radiocresatelital.com\/index.php?rest_route=\/wp\/v2\/posts"}],"about":[{"href":"https:\/\/radiocresatelital.com\/index.php?rest_route=\/wp\/v2\/types\/post"}],"author":[{"embeddable":true,"href":"https:\/\/radiocresatelital.com\/index.php?rest_route=\/wp\/v2\/users\/2"}],"replies":[{"embeddable":true,"href":"https:\/\/radiocresatelital.com\/index.php?rest_route=%2Fwp%2Fv2%2Fcomments&post=19698"}],"version-history":[{"count":1,"href":"https:\/\/radiocresatelital.com\/index.php?rest_route=\/wp\/v2\/posts\/19698\/revisions"}],"predecessor-version":[{"id":19700,"href":"https:\/\/radiocresatelital.com\/index.php?rest_route=\/wp\/v2\/posts\/19698\/revisions\/19700"}],"wp:featuredmedia":[{"embeddable":true,"href":"https:\/\/radiocresatelital.com\/index.php?rest_route=\/wp\/v2\/media\/19699"}],"wp:attachment":[{"href":"https:\/\/radiocresatelital.com\/index.php?rest_route=%2Fwp%2Fv2%2Fmedia&parent=19698"}],"wp:term":[{"taxonomy":"category","embeddable":true,"href":"https:\/\/radiocresatelital.com\/index.php?rest_route=%2Fwp%2Fv2%2Fcategories&post=19698"},{"taxonomy":"post_tag","embeddable":true,"href":"https:\/\/radiocresatelital.com\/index.php?rest_route=%2Fwp%2Fv2%2Ftags&post=19698"}],"curies":[{"name":"wp","href":"https:\/\/api.w.org\/{rel}","templated":true}]}}