{"id":19689,"date":"2024-10-09T14:39:09","date_gmt":"2024-10-09T14:39:09","guid":{"rendered":"https:\/\/radiocresatelital.com\/?p=19689"},"modified":"2024-10-09T14:39:09","modified_gmt":"2024-10-09T14:39:09","slug":"volvemos-a-los-apagones-de-hasta-10-horas-diarias","status":"publish","type":"post","link":"https:\/\/radiocresatelital.com\/?p=19689","title":{"rendered":"Volvemos a los apagones de hasta 10 horas diarias"},"content":{"rendered":"<p>Quito.- Como se esperaba, luego de que la cota en Mazar llegara a niveles cr\u00edticos nuevamente, el Gobierno Nacional, se vio obligado a retomar los apagones de 10 horas diarias.<\/p>\n<p>El Ministro de Energ\u00eda, Ing. Antonio Gonc\u00e1lvez, mediante una cadena nacional, anunci\u00f3 al pa\u00eds, que se toman los largos cortes. As\u00ec a partir del medio d\u00eda de hoy, 9 de octubre (fiestas de Guayaquil), los apagones volveran a ser de hasta 10 horas diarias.<\/p>\n<p>El ministro reconoce que se trata de medidas sumamente duras, pero insiste en que es inevitable aplicarlas: \u00abSabemos que estas medida es dura y que va a generar incomodidades, pero es necesaria para proteger la estabilidad energ\u00e9tica de nuestro pa\u00eds\u00bb, \u00a0a\u00f1adiendo que \u00abLas proyecciones indican que es necesario tomar decisiones inmediatas y firmes para evitar un colapso en el sistema el\u00e9ctrico nacional\u00bb.<\/p>\n<div style=\"width: 540px;\" class=\"wp-video\"><video class=\"wp-video-shortcode\" id=\"video-19689-1\" width=\"540\" height=\"960\" preload=\"metadata\" controls=\"controls\"><source type=\"video\/mp4\" src=\"https:\/\/radiocresatelital.com\/wp-content\/uploads\/2024\/10\/ssstwitter.com_1728477853886-1.mp4?_=1\" \/><a href=\"https:\/\/radiocresatelital.com\/wp-content\/uploads\/2024\/10\/ssstwitter.com_1728477853886-1.mp4\">https:\/\/radiocresatelital.com\/wp-content\/uploads\/2024\/10\/ssstwitter.com_1728477853886-1.mp4<\/a><\/video><\/div>\n","protected":false},"excerpt":{"rendered":"<p>Quito.- Como se esperaba, luego de que la cota en Mazar llegara a niveles cr\u00edticos nuevamente, el Gobierno Nacional, se vio obligado a retomar los apagones de 10 horas diarias. El Ministro de Energ\u00eda, Ing. Antonio Gonc\u00e1lvez, mediante una cadena nacional, anunci\u00f3 al pa\u00eds, que se toman los largos cortes. As\u00ec a partir del medio [&hellip;]<\/p>\n","protected":false},"author":3,"featured_media":17778,"comment_status":"open","ping_status":"closed","sticky":false,"template":"","format":"standard","meta":{"_jetpack_memberships_contains_paid_content":false,"footnotes":""},"categories":[13],"tags":[3104],"class_list":["post-19689","post","type-post","status-publish","format-standard","has-post-thumbnail","hentry","category-noticias-nacionales","tag-apagones10horas"],"jetpack_featured_media_url":"https:\/\/radiocresatelital.com\/wp-content\/uploads\/2024\/08\/antonio-goncalvez.jpg","jetpack_sharing_enabled":true,"_links":{"self":[{"href":"https:\/\/radiocresatelital.com\/index.php?rest_route=\/wp\/v2\/posts\/19689","targetHints":{"allow":["GET"]}}],"collection":[{"href":"https:\/\/radiocresatelital.com\/index.php?rest_route=\/wp\/v2\/posts"}],"about":[{"href":"https:\/\/radiocresatelital.com\/index.php?rest_route=\/wp\/v2\/types\/post"}],"author":[{"embeddable":true,"href":"https:\/\/radiocresatelital.com\/index.php?rest_route=\/wp\/v2\/users\/3"}],"replies":[{"embeddable":true,"href":"https:\/\/radiocresatelital.com\/index.php?rest_route=%2Fwp%2Fv2%2Fcomments&post=19689"}],"version-history":[{"count":1,"href":"https:\/\/radiocresatelital.com\/index.php?rest_route=\/wp\/v2\/posts\/19689\/revisions"}],"predecessor-version":[{"id":19691,"href":"https:\/\/radiocresatelital.com\/index.php?rest_route=\/wp\/v2\/posts\/19689\/revisions\/19691"}],"wp:featuredmedia":[{"embeddable":true,"href":"https:\/\/radiocresatelital.com\/index.php?rest_route=\/wp\/v2\/media\/17778"}],"wp:attachment":[{"href":"https:\/\/radiocresatelital.com\/index.php?rest_route=%2Fwp%2Fv2%2Fmedia&parent=19689"}],"wp:term":[{"taxonomy":"category","embeddable":true,"href":"https:\/\/radiocresatelital.com\/index.php?rest_route=%2Fwp%2Fv2%2Fcategories&post=19689"},{"taxonomy":"post_tag","embeddable":true,"href":"https:\/\/radiocresatelital.com\/index.php?rest_route=%2Fwp%2Fv2%2Ftags&post=19689"}],"curies":[{"name":"wp","href":"https:\/\/api.w.org\/{rel}","templated":true}]}}