{"id":19664,"date":"2024-10-08T21:42:44","date_gmt":"2024-10-08T21:42:44","guid":{"rendered":"https:\/\/radiocresatelital.com\/?p=19664"},"modified":"2024-10-08T21:42:44","modified_gmt":"2024-10-08T21:42:44","slug":"gobierno-del-presidente-daniel-noboa-recupera-el-museo-antropoligo-y-de-arte-contemporaneo-de-guayaquil","status":"publish","type":"post","link":"https:\/\/radiocresatelital.com\/?p=19664","title":{"rendered":"Gobierno del Presidente Daniel Noboa recupera el Museo Antrop\u00f3ligo y de arte contempor\u00e1neo de Guayaquil"},"content":{"rendered":"<p>Guayaquil.- El Gobierno del Presidente Daniel Noboa Azin ejecuta la obra de repotenciaci\u00f3n del Museo Antropol\u00f3gico y de Arte Contempor\u00e1neo (MAAC), un referente cultural e hist\u00f3rico de Guayaquil que, tras a\u00f1os de abandono, mostraba un notable deterioro. As\u00ed lo inform\u00f3 la ministra de Cultura y Patrimonio, Romina Mu\u00f1oz, la ma\u00f1ana de este 8 de octubre, tras un recorrido por las instalaciones para constatar los avances del proceso.<\/p>\n<p>Durante su discurso, la ministra Mu\u00f1oz destac\u00f3 el liderazgo del presidente Noboa por \u201cfomentar proyectos que contribuyen a mejorar las formas de convivencia y fortalecer nuestros procesos culturales\u201d. En ese sentido, el Estado invirti\u00f3 m\u00e1s de USD 451.000 para recuperar el MAAC y devolverle a Guayaquil un espacio digno y seguro para fomentar el arte, la cultura, el turismo y la educaci\u00f3n. La intervenci\u00f3n incluye el mantenimiento de las fachadas exteriores, la mejora de su entorno urbano y la<br \/>\nrehabilitaci\u00f3n de los espacios interiores del museo.<\/p>\n<p>\u201cTambi\u00e9n hemos invertido alrededor de USD 125.000 para la investigaci\u00f3n y la agenda cultural\u201d, que hoy es motivo de orgullo, se\u00f1al\u00f3 la ministra; pues las exposiciones, conciertos y foros pasan por un proceso de selecci\u00f3n riguroso. Adem\u00e1s, \u201clos artistas son debidamente remunerados porque reconocemos el espacio art\u00edstico como un espacio productivo y digno\u201d, indic\u00f3.<\/p>\n<p>Adicionalmente, como parte de la Pol\u00edtica Nacional de Fomento a la Lectura, la Oralidad y Acceso al Libro, se est\u00e1 construyendo una ludo biblioteca dentro del MAAC. Este espacio est\u00e1 dise\u00f1ado para proporcionar acceso equitativo a la lectura y cultura a ni\u00f1as, ni\u00f1os y adolescentes, promoviendo la educaci\u00f3n como una herramienta clave para combatir problem\u00e1ticas actuales.<\/p>\n<p>Adem\u00e1s de esta, se prev\u00e9 inaugurar otra en el Museo de Manta y en el Museo de Riobamba. Estos espacios estar\u00e1n equipados con libros y material l\u00fadico especializado e inspirado en la Colecci\u00f3n Nacional.<\/p>\n<p>Esta iniciativa refuerza el compromiso del gobierno del presidente Noboa por fomentar la cultura y la educaci\u00f3n como pilares fundamentales para el desarrollo social y econ\u00f3mico local y del Ecuador. \u201cEstamos convencidos de que Guayaquil se merece un espacio cultural y art\u00edstico que movilice a la industria tur\u00edstica, que se convierta en un referente regional y promueva nuevas econom\u00edas\u201d, concluy\u00f3 la ministra.<\/p>\n","protected":false},"excerpt":{"rendered":"<p>Guayaquil.- El Gobierno del Presidente Daniel Noboa Azin ejecuta la obra de repotenciaci\u00f3n del Museo Antropol\u00f3gico y de Arte Contempor\u00e1neo (MAAC), un referente cultural e hist\u00f3rico de Guayaquil que, tras a\u00f1os de abandono, mostraba un notable deterioro. As\u00ed lo inform\u00f3 la ministra de Cultura y Patrimonio, Romina Mu\u00f1oz, la ma\u00f1ana de este 8 de octubre, [&hellip;]<\/p>\n","protected":false},"author":2,"featured_media":19665,"comment_status":"open","ping_status":"closed","sticky":false,"template":"","format":"standard","meta":{"footnotes":""},"categories":[13],"tags":[3095,1322],"class_list":["post-19664","post","type-post","status-publish","format-standard","has-post-thumbnail","hentry","category-noticias-nacionales","tag-ministra-de-cultura-y-patrimonio","tag-presidente-daniel-noboa"],"_links":{"self":[{"href":"https:\/\/radiocresatelital.com\/index.php?rest_route=\/wp\/v2\/posts\/19664","targetHints":{"allow":["GET"]}}],"collection":[{"href":"https:\/\/radiocresatelital.com\/index.php?rest_route=\/wp\/v2\/posts"}],"about":[{"href":"https:\/\/radiocresatelital.com\/index.php?rest_route=\/wp\/v2\/types\/post"}],"author":[{"embeddable":true,"href":"https:\/\/radiocresatelital.com\/index.php?rest_route=\/wp\/v2\/users\/2"}],"replies":[{"embeddable":true,"href":"https:\/\/radiocresatelital.com\/index.php?rest_route=%2Fwp%2Fv2%2Fcomments&post=19664"}],"version-history":[{"count":1,"href":"https:\/\/radiocresatelital.com\/index.php?rest_route=\/wp\/v2\/posts\/19664\/revisions"}],"predecessor-version":[{"id":19666,"href":"https:\/\/radiocresatelital.com\/index.php?rest_route=\/wp\/v2\/posts\/19664\/revisions\/19666"}],"wp:featuredmedia":[{"embeddable":true,"href":"https:\/\/radiocresatelital.com\/index.php?rest_route=\/wp\/v2\/media\/19665"}],"wp:attachment":[{"href":"https:\/\/radiocresatelital.com\/index.php?rest_route=%2Fwp%2Fv2%2Fmedia&parent=19664"}],"wp:term":[{"taxonomy":"category","embeddable":true,"href":"https:\/\/radiocresatelital.com\/index.php?rest_route=%2Fwp%2Fv2%2Fcategories&post=19664"},{"taxonomy":"post_tag","embeddable":true,"href":"https:\/\/radiocresatelital.com\/index.php?rest_route=%2Fwp%2Fv2%2Ftags&post=19664"}],"curies":[{"name":"wp","href":"https:\/\/api.w.org\/{rel}","templated":true}]}}