{"id":19640,"date":"2024-10-08T18:15:22","date_gmt":"2024-10-08T18:15:22","guid":{"rendered":"https:\/\/radiocresatelital.com\/?p=19640"},"modified":"2024-10-08T20:15:40","modified_gmt":"2024-10-08T20:15:40","slug":"seminario-internacional-net-zero-latitud-0-un-paso-hacia-la-descarbonizacion-y-finanzas-verdes-en-el-sector-de-la-construccion","status":"publish","type":"post","link":"https:\/\/radiocresatelital.com\/?p=19640","title":{"rendered":"Seminario Internacional Net Zero Latitud 0\u00b0: Un paso hacia la descarbonizaci\u00f3n y finanzas verdes en el sector de la construcci\u00f3n"},"content":{"rendered":"<p>Guayaquil.- El Seminario Internacional se llev\u00f3 a cabo en el Hotel Hilton Col\u00f3n de Guayaquil, con el objetivo de fomentar la implementaci\u00f3n de pol\u00edticas sostenibles que contribuyan a la reducci\u00f3n de las emisiones netas de carbono, facilitando el di\u00e1logo entre los principales actores del sector de la construcci\u00f3n y el financiero en Ecuador. Todos ellos comprometidos con la promoci\u00f3n de pr\u00e1cticas que impulsen la transici\u00f3n hacia un modelo de desarrollo bajo en carbono.<\/p>\n<p>El evento cont\u00f3 con la presencia de destacadas autoridades nacionales y locales, entre ellos representantes del Ministerio de Desarrollo Urbano y Vivienda, el alcalde de Samborond\u00f3n, Juan Jos\u00e9 Y\u00fanez, la Asociaci\u00f3n de Bancos Privados del Ecuador (AsoBanca) y delegados de organizaciones internacionales. Estos, junto con acad\u00e9micos, empresarios, estudiantes y p\u00fablico en general, participaron activamente en una variada agenda de ponencias impartidas por expertos nacionales e internacionales. Las presentaciones resaltaron la importancia de la descarbonizaci\u00f3n del sector, planteando metas claras, alcanzables y cuantificables. Un aspecto relevante fue el an\u00e1lisis de casos y experiencias innovadoras que podr\u00edan replicarse en Ecuador para avanzar hacia este objetivo.<\/p>\n<p>Una de las destacadas ponencias fue la de Juan Jos\u00e9 Y\u00fanez, Alcalde de Samborond\u00f3n, quien mencion\u00f3: \u00abEn este importante seminario internacional sobre sostenibilidad, hemos compartido la visi\u00f3n que tenemos para Samborond\u00f3n, con un enfoque prioritario en tres \u00e1reas fundamentales para proyectar nuestra ciudad hacia un futuro sostenible. Primero, la correcta clasificaci\u00f3n y gesti\u00f3n de desechos, garantizando un sistema de recolecci\u00f3n eficiente que cubra las necesidades de los pr\u00f3ximos 50 a\u00f1os. Segundo, el manejo adecuado del agua potable y las aguas residuales, asegurando este recurso vital para sustentar las inversiones y el crecimiento ordenado de la ciudad a largo plazo. Y tercero, una movilidad alternativa y eficiente, basada en una planificaci\u00f3n adecuada de v\u00edas y un desarrollo urbano estructurado. Y gracias a la experiencia y aporte de los expertos que hoy est\u00e1n aqu\u00ed, podremos hacer realidad nuestra visi\u00f3n en beneficio de los ciudadanos \u00bb<\/p>\n<p>Adem\u00e1s, en el marco del seminario, se generaron espacios para establecer alianzas entre el sector p\u00fablico y privado, facilitando la inversi\u00f3n en infraestructura sostenible y el desarrollo de proyectos conjuntos mediante recursos provenientes del financiamiento verde. Tambi\u00e9n se promovieron debates sobre la adopci\u00f3n de tecnolog\u00edas sostenibles y acceso a vivienda social sostenible.<\/p>\n<p>La industria del acero y del petr\u00f3leo tambi\u00e9n destacaron al compartir su experiencia y estrategias exitosas para reducir las emisiones de carbono. Por su parte, las constructoras participantes evidenciaron su compromiso con el uso de financiamiento verde, materiales sostenibles y la aplicaci\u00f3n de procesos eficientes en el uso de recursos.<\/p>\n<p>Fernando Correa, Presidente del CEES, afirm\u00f3: \u201cEn un contexto de crisis energ\u00e9tica derivada del calentamiento global, es esencial coordinar acciones entre sectores estrat\u00e9gicos para disminuir la huella de carbono. A nivel mundial y en Ecuador se est\u00e1n implementando pol\u00edticas que incentivan la adopci\u00f3n de pr\u00e1cticas eco amigables, pero la coordinaci\u00f3n entre los sectores estrat\u00e9gicos sigue siendo un desaf\u00edo, ya que apenas el 1% de las nuevas construcciones cuentan con alguna certificaci\u00f3n de sostenibilidad\u201d.<\/p>\n<p>Por ello, encuentros como Net Zero Latitud 0\u00b0, que buscan la consecuci\u00f3n de acuerdos de cooperaci\u00f3n entre diversos sectores, son imperativas para el pa\u00eds. Este espacio facilita el di\u00e1logo entre actores clave, impulsa la adopci\u00f3n de pol\u00edticas sostenibles y acelera la transici\u00f3n hacia pr\u00e1cticas respetuosas con el medio ambiente.<\/p>\n<p>El evento concluy\u00f3 con una cena para representantes de la industria y l\u00edderes empresariales, donde se establecieron compromisos para reducir su huella de carbono. Tambi\u00e9n se alcanzaron acuerdos de colaboraci\u00f3n con el sector financiero para facilitar el acceso a cr\u00e9ditos verdes. Estas iniciativas se integrar\u00e1n en una hoja de ruta que ser\u00e1 entregada a las autoridades como un aporte del sector de la construcci\u00f3n para contribuir a la consolidaci\u00f3n de un sector m\u00e1s sostenible, en el que el porcentaje de edificaciones certificadas aumente y permita avanzar hacia un futuro m\u00e1s responsable con el medio ambiente.<\/p>\n<p>Desde 2011, el CEES, una organizaci\u00f3n sin fines de lucro, ha trabajado para reducir la huella de carbono en el sector de la construcci\u00f3n. Sus acciones incluyen la publicaci\u00f3n de informes sobre la situaci\u00f3n actual del sector, gu\u00edas, la organizaci\u00f3n de eventos y una nutrida agenda de capacitaciones, as\u00ed como el establecimiento de alianzas estrat\u00e9gicas con actores clave para lograr una gesti\u00f3n ecoeficiente.<\/p>\n","protected":false},"excerpt":{"rendered":"<p>Guayaquil.- El Seminario Internacional se llev\u00f3 a cabo en el Hotel Hilton Col\u00f3n de Guayaquil, con el objetivo de fomentar la implementaci\u00f3n de pol\u00edticas sostenibles que contribuyan a la reducci\u00f3n de las emisiones netas de carbono, facilitando el di\u00e1logo entre los principales actores del sector de la construcci\u00f3n y el financiero en Ecuador. Todos ellos [&hellip;]<\/p>\n","protected":false},"author":2,"featured_media":19647,"comment_status":"open","ping_status":"closed","sticky":false,"template":"","format":"standard","meta":{"_jetpack_memberships_contains_paid_content":false,"footnotes":""},"categories":[13],"tags":[3093],"class_list":["post-19640","post","type-post","status-publish","format-standard","has-post-thumbnail","hentry","category-noticias-nacionales","tag-seminario-internacional-net-zero-latitud-0"],"jetpack_featured_media_url":"https:\/\/radiocresatelital.com\/wp-content\/uploads\/2024\/10\/EVENTO-NET-ZERO-2024-1-scaled.jpg","jetpack_sharing_enabled":true,"_links":{"self":[{"href":"https:\/\/radiocresatelital.com\/index.php?rest_route=\/wp\/v2\/posts\/19640","targetHints":{"allow":["GET"]}}],"collection":[{"href":"https:\/\/radiocresatelital.com\/index.php?rest_route=\/wp\/v2\/posts"}],"about":[{"href":"https:\/\/radiocresatelital.com\/index.php?rest_route=\/wp\/v2\/types\/post"}],"author":[{"embeddable":true,"href":"https:\/\/radiocresatelital.com\/index.php?rest_route=\/wp\/v2\/users\/2"}],"replies":[{"embeddable":true,"href":"https:\/\/radiocresatelital.com\/index.php?rest_route=%2Fwp%2Fv2%2Fcomments&post=19640"}],"version-history":[{"count":1,"href":"https:\/\/radiocresatelital.com\/index.php?rest_route=\/wp\/v2\/posts\/19640\/revisions"}],"predecessor-version":[{"id":19648,"href":"https:\/\/radiocresatelital.com\/index.php?rest_route=\/wp\/v2\/posts\/19640\/revisions\/19648"}],"wp:featuredmedia":[{"embeddable":true,"href":"https:\/\/radiocresatelital.com\/index.php?rest_route=\/wp\/v2\/media\/19647"}],"wp:attachment":[{"href":"https:\/\/radiocresatelital.com\/index.php?rest_route=%2Fwp%2Fv2%2Fmedia&parent=19640"}],"wp:term":[{"taxonomy":"category","embeddable":true,"href":"https:\/\/radiocresatelital.com\/index.php?rest_route=%2Fwp%2Fv2%2Fcategories&post=19640"},{"taxonomy":"post_tag","embeddable":true,"href":"https:\/\/radiocresatelital.com\/index.php?rest_route=%2Fwp%2Fv2%2Ftags&post=19640"}],"curies":[{"name":"wp","href":"https:\/\/api.w.org\/{rel}","templated":true}]}}