{"id":19637,"date":"2024-10-08T19:21:40","date_gmt":"2024-10-08T19:21:40","guid":{"rendered":"https:\/\/radiocresatelital.com\/?p=19637"},"modified":"2024-10-08T19:21:40","modified_gmt":"2024-10-08T19:21:40","slug":"gobernacion-del-guayas-celebra-a-guayaquil-con-concurso-de-amorfinos","status":"publish","type":"post","link":"https:\/\/radiocresatelital.com\/?p=19637","title":{"rendered":"Gobernaci\u00f3n del Guayas celebra a Guayaquil con concurso de Amorfinos"},"content":{"rendered":"<p>Guayaquil.- En un evento festivo y lleno de alegr\u00eda, la Gobernaci\u00f3n del Guayas, en coordinaci\u00f3n con el Ministerio de Educaci\u00f3n realiz\u00f3 el Concurso de Amorfinos Populares: \u00abGuayaquil, Cuna de la Libertad\u00bb en la Plazoleta Los Ca\u00f1ones, ubicada en la entrada del Barrio Las Pe\u00f1as.<\/p>\n<p>El gobernador Vicente Auad expres\u00f3 su satisfacci\u00f3n al destacar el talento demostrado por los j\u00f3venes estudiantes.<\/p>\n<p>\u00abEsto es talento, esto es cultura, nos llena de alegr\u00eda ver como los j\u00f3venes rescatan nuestras tradiciones y costumbres, como buenos guayaquile\u00f1os, seguimos trabajando por y para nuestros j\u00f3venes\u00bb. Indic\u00f3 la autoridad provincial.<\/p>\n<p>Diez colegios de la ciudad de Guayaquil participaron en el concurso, donde los estudiantes mostraron su creatividad y amor por la ciudad a trav\u00e9s de rimas y amorfinos. El colegio ganador fue la Unidad Educativa Vergeles, el segundo lugar fue para la Unidad Educativa Fiscal Luis Enrique Morales Alfaro y el tercer lugar se lo llev\u00f3 la Unidad Educativa Fiscal Monse\u00f1or Le\u00f3nidas Proa\u00f1o.<\/p>\n<p>El jurado estuvo conformado por los actores H\u00e9ctor Garz\u00f3n, Mercedes Pine, y Kerly Sarbia, gestora cultural, quienes calificaron la participaci\u00f3n de los estudiantes en base a la vestimenta, expresi\u00f3n esc\u00e9nica y rimas de los amorfinos.<\/p>\n<p>Este evento fue una oportunidad para celebrar adem\u00e1s el ingenio, la creatividad y el amor por nuestra tierra. Los estudiantes para apoyar a sus representantes llegaron con tamborines, pitos, panderetas y carteles alusivos al concurso, poniendo el toque de alegr\u00eda y celebraci\u00f3n a la Perla del Pac\u00edfico.<\/p>\n","protected":false},"excerpt":{"rendered":"<p>Guayaquil.- En un evento festivo y lleno de alegr\u00eda, la Gobernaci\u00f3n del Guayas, en coordinaci\u00f3n con el Ministerio de Educaci\u00f3n realiz\u00f3 el Concurso de Amorfinos Populares: \u00abGuayaquil, Cuna de la Libertad\u00bb en la Plazoleta Los Ca\u00f1ones, ubicada en la entrada del Barrio Las Pe\u00f1as. El gobernador Vicente Auad expres\u00f3 su satisfacci\u00f3n al destacar el talento [&hellip;]<\/p>\n","protected":false},"author":2,"featured_media":19638,"comment_status":"open","ping_status":"closed","sticky":false,"template":"","format":"standard","meta":{"_jetpack_memberships_contains_paid_content":false,"footnotes":""},"categories":[13],"tags":[964],"class_list":["post-19637","post","type-post","status-publish","format-standard","has-post-thumbnail","hentry","category-noticias-nacionales","tag-gobernacion-del-guayas"],"jetpack_featured_media_url":"https:\/\/radiocresatelital.com\/wp-content\/uploads\/2024\/10\/WhatsApp-Image-2024-10-08-at-12.07.34.jpeg","jetpack_sharing_enabled":true,"_links":{"self":[{"href":"https:\/\/radiocresatelital.com\/index.php?rest_route=\/wp\/v2\/posts\/19637","targetHints":{"allow":["GET"]}}],"collection":[{"href":"https:\/\/radiocresatelital.com\/index.php?rest_route=\/wp\/v2\/posts"}],"about":[{"href":"https:\/\/radiocresatelital.com\/index.php?rest_route=\/wp\/v2\/types\/post"}],"author":[{"embeddable":true,"href":"https:\/\/radiocresatelital.com\/index.php?rest_route=\/wp\/v2\/users\/2"}],"replies":[{"embeddable":true,"href":"https:\/\/radiocresatelital.com\/index.php?rest_route=%2Fwp%2Fv2%2Fcomments&post=19637"}],"version-history":[{"count":1,"href":"https:\/\/radiocresatelital.com\/index.php?rest_route=\/wp\/v2\/posts\/19637\/revisions"}],"predecessor-version":[{"id":19639,"href":"https:\/\/radiocresatelital.com\/index.php?rest_route=\/wp\/v2\/posts\/19637\/revisions\/19639"}],"wp:featuredmedia":[{"embeddable":true,"href":"https:\/\/radiocresatelital.com\/index.php?rest_route=\/wp\/v2\/media\/19638"}],"wp:attachment":[{"href":"https:\/\/radiocresatelital.com\/index.php?rest_route=%2Fwp%2Fv2%2Fmedia&parent=19637"}],"wp:term":[{"taxonomy":"category","embeddable":true,"href":"https:\/\/radiocresatelital.com\/index.php?rest_route=%2Fwp%2Fv2%2Fcategories&post=19637"},{"taxonomy":"post_tag","embeddable":true,"href":"https:\/\/radiocresatelital.com\/index.php?rest_route=%2Fwp%2Fv2%2Ftags&post=19637"}],"curies":[{"name":"wp","href":"https:\/\/api.w.org\/{rel}","templated":true}]}}