{"id":19634,"date":"2024-10-08T19:16:26","date_gmt":"2024-10-08T19:16:26","guid":{"rendered":"https:\/\/radiocresatelital.com\/?p=19634"},"modified":"2024-10-08T19:16:26","modified_gmt":"2024-10-08T19:16:26","slug":"consejo-provincial-de-seguridad-se-desarrollo-en-guayaquil","status":"publish","type":"post","link":"https:\/\/radiocresatelital.com\/?p=19634","title":{"rendered":"Consejo Provincial de Seguridad se desarroll\u00f3 en Guayaquil"},"content":{"rendered":"<p>Guayaquil.- En un significativo esfuerzo por mejorar la seguridad en nuestra provincia, se llev\u00f3 a cabo este lunes 7 de octubre, el Primer Consejo Provincial de Seguridad, liderado por el Gobernador del Guayas, Vicente Auad.<\/p>\n<p>Este evento es una respuesta a las necesidades de nuestra comunidad y un reflejo del compromiso del gobierno de El Nuevo Ecuador para proteger a cada uno de sus ciudadanos.<\/p>\n<p>Durante el Consejo, se reunieron miembros de la Polic\u00eda Nacional, Fuerzas Armadas, los alcaldes de Guayas y diversas instituciones del Estado, trabajando juntos para forjar un entorno m\u00e1s seguro. Marcela Agui\u00f1aga, prefecta del Guayas, y John Game, subsecretario de Seguridad Ciudadana y Prevenci\u00f3n del Delito y la Violencia, del Ministerio del Interior, se unieron al encuentro, subrayando la importancia de la colaboraci\u00f3n interinstitucional.<\/p>\n<p>Las mesas t\u00e9cnicas creadas durante el consejo buscan enfrentar directamente los retos de nuestra comunidad, estas son:<\/p>\n<p>Comunicaci\u00f3n: Para difundir campa\u00f1as de denuncia al 1-800-DELITO y 131 Plan de Recompensas.<\/p>\n<p>Videovigilancia: En colaboraci\u00f3n con el Sistema Integrado de Seguridad ECU911. Violencia: Prevenci\u00f3n, atenci\u00f3n y protecci\u00f3n frente a la violencia intrafamiliar y restituci\u00f3n de derechos.<\/p>\n<p>Justicia y Seguimiento: An\u00e1lisis de detenciones y seguimiento de casos.<\/p>\n<p>An\u00e1lisis de Seguridad: Evaluaci\u00f3n cuantitativa y cualitativa de la seguridad ciudadana.<\/p>\n<p>Durante la reuni\u00f3n, se presentaron estad\u00edsticas que muestran una disminuci\u00f3n en los niveles de violencia, homicidios, robos y otros delitos en comparaci\u00f3n con el a\u00f1o 2023.<\/p>\n<p>Estos logros son testimonio del arduo trabajo de la Polic\u00eda Nacional y las Fuerzas Armadas, especialmente a trav\u00e9s de los operativos CAMEX.<\/p>\n<p>\u00abEl compromiso de este consejo es asegurar que cada ciudadano del Guayas se sienta protegido y respaldado. Trabajaremos de manera colaborativa y estrat\u00e9gica para lograr una provincia m\u00e1s segura y justa\u00bb, expres\u00f3 el gobernador Vicente Auad.<\/p>\n<p>Este esfuerzo integral, promovido por el gobierno de El Nuevo Ecuador, no solo se trata de pol\u00edticas y estrategias, sino de cuidar y proteger la vida de cada ciudadano del Guayas.<\/p>\n<p>La implementaci\u00f3n de estas mesas t\u00e9cnicas marca un hito en nuestra lucha por la seguridad y el bienestar de nuestra gente y se realizar\u00e1n mensualmente<\/p>\n","protected":false},"excerpt":{"rendered":"<p>Guayaquil.- En un significativo esfuerzo por mejorar la seguridad en nuestra provincia, se llev\u00f3 a cabo este lunes 7 de octubre, el Primer Consejo Provincial de Seguridad, liderado por el Gobernador del Guayas, Vicente Auad. Este evento es una respuesta a las necesidades de nuestra comunidad y un reflejo del compromiso del gobierno de El [&hellip;]<\/p>\n","protected":false},"author":2,"featured_media":19635,"comment_status":"open","ping_status":"closed","sticky":false,"template":"","format":"standard","meta":{"_jetpack_memberships_contains_paid_content":false,"footnotes":""},"categories":[13],"tags":[1370,2212],"class_list":["post-19634","post","type-post","status-publish","format-standard","has-post-thumbnail","hentry","category-noticias-nacionales","tag-gobernador-del-guayas","tag-vicente-auad"],"jetpack_featured_media_url":"https:\/\/radiocresatelital.com\/wp-content\/uploads\/2024\/10\/WhatsApp-Image-2024-10-08-at-10.50.01.jpeg","jetpack_sharing_enabled":true,"_links":{"self":[{"href":"https:\/\/radiocresatelital.com\/index.php?rest_route=\/wp\/v2\/posts\/19634","targetHints":{"allow":["GET"]}}],"collection":[{"href":"https:\/\/radiocresatelital.com\/index.php?rest_route=\/wp\/v2\/posts"}],"about":[{"href":"https:\/\/radiocresatelital.com\/index.php?rest_route=\/wp\/v2\/types\/post"}],"author":[{"embeddable":true,"href":"https:\/\/radiocresatelital.com\/index.php?rest_route=\/wp\/v2\/users\/2"}],"replies":[{"embeddable":true,"href":"https:\/\/radiocresatelital.com\/index.php?rest_route=%2Fwp%2Fv2%2Fcomments&post=19634"}],"version-history":[{"count":1,"href":"https:\/\/radiocresatelital.com\/index.php?rest_route=\/wp\/v2\/posts\/19634\/revisions"}],"predecessor-version":[{"id":19636,"href":"https:\/\/radiocresatelital.com\/index.php?rest_route=\/wp\/v2\/posts\/19634\/revisions\/19636"}],"wp:featuredmedia":[{"embeddable":true,"href":"https:\/\/radiocresatelital.com\/index.php?rest_route=\/wp\/v2\/media\/19635"}],"wp:attachment":[{"href":"https:\/\/radiocresatelital.com\/index.php?rest_route=%2Fwp%2Fv2%2Fmedia&parent=19634"}],"wp:term":[{"taxonomy":"category","embeddable":true,"href":"https:\/\/radiocresatelital.com\/index.php?rest_route=%2Fwp%2Fv2%2Fcategories&post=19634"},{"taxonomy":"post_tag","embeddable":true,"href":"https:\/\/radiocresatelital.com\/index.php?rest_route=%2Fwp%2Fv2%2Ftags&post=19634"}],"curies":[{"name":"wp","href":"https:\/\/api.w.org\/{rel}","templated":true}]}}