{"id":19611,"date":"2024-10-07T21:40:36","date_gmt":"2024-10-07T21:40:36","guid":{"rendered":"https:\/\/radiocresatelital.com\/?p=19611"},"modified":"2024-10-07T21:40:36","modified_gmt":"2024-10-07T21:40:36","slug":"a-traves-de-la-entrega-de-210-protesis-auditivas-el-msp-mejora-la-calidad-de-vida-de-personas-con-discapacidad-en-la-sierra-centro-del-pais","status":"publish","type":"post","link":"https:\/\/radiocresatelital.com\/?p=19611","title":{"rendered":"A trav\u00e9s de la entrega de 210 pr\u00f3tesis auditivas, el MSP mejora la calidad de vida de personas con discapacidad en la Sierra centro del pa\u00eds"},"content":{"rendered":"<p>Ambato.-\u00a0En un acto que resalta el compromiso del Ministerio de Salud P\u00fablica (MSP) por mejorar la calidad de vida de los ecuatorianos, el Hospital General Docente de Ambato entreg\u00f3 210 pr\u00f3tesis auditivas a pacientes de la regi\u00f3n Sierra centro del pa\u00eds, el pasado 4 de octubre de 2024.<\/p>\n<p>Gracias a la inversi\u00f3n realizada a trav\u00e9s del Proyecto de Fortalecimiento a la Atenci\u00f3n Integral, Detecci\u00f3n, Prevenci\u00f3n, Rehabilitaci\u00f3n y Habilitaci\u00f3n a personas con discapacidad con un monto superior a los 38 mil d\u00f3lares, usuarios de entre 5 y 87 a\u00f1os podr\u00e1n recuperar la capacidad auditiva y, con ello, mejorar significativamente su interacci\u00f3n social y desarrollo personal.<\/p>\n<p>En este sentido, esta casa de salud cuenta con un completo servicio de audiolog\u00eda para realizar ex\u00e1menes tales como emisiones otac\u00fasticas, audiometr\u00eda cl\u00ednica, timpanometr\u00eda y potenciales evocados. Estas evaluaciones son necesarias para diagnosticar las necesidades auditivas de cada paciente y garantizar una adecuada asignaci\u00f3n de las pr\u00f3tesis auditivas seg\u00fan el nivel de hipoacusia.<\/p>\n<p>Edgar Bravo, gerente del Hospital Ambato, inform\u00f3 que, durante el 2023 se realizaron cerca de 5.000 ex\u00e1menes de audiometr\u00eda cl\u00ednica, timpanometr\u00eda y, emisiones otoac\u00fasticas. Estos an\u00e1lisis son fundamentales para la detecci\u00f3n de las diferentes hipoacusias leve-moderada, severa y profunda.<\/p>\n<p>Rigoberto Ram\u00edrez, uno de los beneficiarios, expres\u00f3 su gratitud durante la entrega de las pr\u00f3tesis auditivas. \u201cLos aud\u00edfonos que hoy recibimos no solo mejorar\u00e1n nuestra salud, sino nuestra calidad de vida. Es una bendici\u00f3n poder escuchar nuevamente\u201d.<\/p>\n<p>El MSP reitera su compromiso de garantizar una atenci\u00f3n oportuna y de calidad, orientada a mejorar la calidad de vida de sus pacientes. Con esta entrega, se demuestra una vez m\u00e1s que la salud y el bienestar de la poblaci\u00f3n son una prioridad para el Gobierno Nacional.<\/p>\n","protected":false},"excerpt":{"rendered":"<p>Ambato.-\u00a0En un acto que resalta el compromiso del Ministerio de Salud P\u00fablica (MSP) por mejorar la calidad de vida de los ecuatorianos, el Hospital General Docente de Ambato entreg\u00f3 210 pr\u00f3tesis auditivas a pacientes de la regi\u00f3n Sierra centro del pa\u00eds, el pasado 4 de octubre de 2024. Gracias a la inversi\u00f3n realizada a trav\u00e9s [&hellip;]<\/p>\n","protected":false},"author":2,"featured_media":19612,"comment_status":"open","ping_status":"closed","sticky":false,"template":"","format":"standard","meta":{"_jetpack_memberships_contains_paid_content":false,"footnotes":""},"categories":[13],"tags":[148],"class_list":["post-19611","post","type-post","status-publish","format-standard","has-post-thumbnail","hentry","category-noticias-nacionales","tag-ministerio-de-salud-publica"],"jetpack_featured_media_url":"https:\/\/radiocresatelital.com\/wp-content\/uploads\/2024\/10\/DCS_2.jpeg","jetpack_sharing_enabled":true,"_links":{"self":[{"href":"https:\/\/radiocresatelital.com\/index.php?rest_route=\/wp\/v2\/posts\/19611","targetHints":{"allow":["GET"]}}],"collection":[{"href":"https:\/\/radiocresatelital.com\/index.php?rest_route=\/wp\/v2\/posts"}],"about":[{"href":"https:\/\/radiocresatelital.com\/index.php?rest_route=\/wp\/v2\/types\/post"}],"author":[{"embeddable":true,"href":"https:\/\/radiocresatelital.com\/index.php?rest_route=\/wp\/v2\/users\/2"}],"replies":[{"embeddable":true,"href":"https:\/\/radiocresatelital.com\/index.php?rest_route=%2Fwp%2Fv2%2Fcomments&post=19611"}],"version-history":[{"count":1,"href":"https:\/\/radiocresatelital.com\/index.php?rest_route=\/wp\/v2\/posts\/19611\/revisions"}],"predecessor-version":[{"id":19613,"href":"https:\/\/radiocresatelital.com\/index.php?rest_route=\/wp\/v2\/posts\/19611\/revisions\/19613"}],"wp:featuredmedia":[{"embeddable":true,"href":"https:\/\/radiocresatelital.com\/index.php?rest_route=\/wp\/v2\/media\/19612"}],"wp:attachment":[{"href":"https:\/\/radiocresatelital.com\/index.php?rest_route=%2Fwp%2Fv2%2Fmedia&parent=19611"}],"wp:term":[{"taxonomy":"category","embeddable":true,"href":"https:\/\/radiocresatelital.com\/index.php?rest_route=%2Fwp%2Fv2%2Fcategories&post=19611"},{"taxonomy":"post_tag","embeddable":true,"href":"https:\/\/radiocresatelital.com\/index.php?rest_route=%2Fwp%2Fv2%2Ftags&post=19611"}],"curies":[{"name":"wp","href":"https:\/\/api.w.org\/{rel}","templated":true}]}}