{"id":19597,"date":"2024-10-07T14:43:57","date_gmt":"2024-10-07T14:43:57","guid":{"rendered":"https:\/\/radiocresatelital.com\/?p=19597"},"modified":"2024-10-07T14:43:57","modified_gmt":"2024-10-07T14:43:57","slug":"gobierno-revisa-medida-industriales-tendran-que-reducir-su-consumo-del-50","status":"publish","type":"post","link":"https:\/\/radiocresatelital.com\/?p=19597","title":{"rendered":"Gobierno revisa medida; industriales tendr\u00e1n que reducir su consumo del 50%"},"content":{"rendered":"<p>Quito.- El S\u00e1bado anterior, el gobierno emiti\u00f3 un bolet\u00edn de prensa mediante el cual, anunciaba que el sector industrial tendr\u00eda que hacer una gran cuota adicional de sacrificio, pues los cortes de energ\u00eda el\u00e9ctrica que se reducir\u00edan para el resto de la poblaci\u00f3n, para ellos, iban a intensificarse.<\/p>\n<p>Y as\u00ed, los industriales del pa\u00eds deber\u00edan soportar interrupciones del servicio el\u00e9ctrico por 10 horas seguidas, justo las horas laborables, de 8h00 a 18h00.<\/p>\n<p>La reacci\u00f3n ha sido tal por parte del sector industrial que ya esta golpeado por \u00e9stos mismos cortes, inseguridad, mayores contribuciones, etc, que el gobierno central ha dado marcha atr\u00e1s en parte de la medida y ahora anuncia que tendr\u00e1n que reducir su consumo al 50%. La explicaci\u00f3n no es lo suficientemente clara, pero si habla del 50%, se presume que la carencia o corte del servicio en las horas anunciadas corresponder\u00e1a a ese porcentaje.<\/p>\n<p>El sector productivo del pa\u00eds en general, siempre guarda sus mayores espectativas para los \u00faltimos tres meses del a\u00f1o.<\/p>\n","protected":false},"excerpt":{"rendered":"<p>Quito.- El S\u00e1bado anterior, el gobierno emiti\u00f3 un bolet\u00edn de prensa mediante el cual, anunciaba que el sector industrial tendr\u00eda que hacer una gran cuota adicional de sacrificio, pues los cortes de energ\u00eda el\u00e9ctrica que se reducir\u00edan para el resto de la poblaci\u00f3n, para ellos, iban a intensificarse. Y as\u00ed, los industriales del pa\u00eds deber\u00edan [&hellip;]<\/p>\n","protected":false},"author":3,"featured_media":19598,"comment_status":"open","ping_status":"closed","sticky":false,"template":"","format":"standard","meta":{"_jetpack_memberships_contains_paid_content":false,"footnotes":""},"categories":[13],"tags":[2538],"class_list":["post-19597","post","type-post","status-publish","format-standard","has-post-thumbnail","hentry","category-noticias-nacionales","tag-apagones"],"jetpack_featured_media_url":"https:\/\/radiocresatelital.com\/wp-content\/uploads\/2024\/10\/sector-industrial.jpeg","jetpack_sharing_enabled":true,"_links":{"self":[{"href":"https:\/\/radiocresatelital.com\/index.php?rest_route=\/wp\/v2\/posts\/19597","targetHints":{"allow":["GET"]}}],"collection":[{"href":"https:\/\/radiocresatelital.com\/index.php?rest_route=\/wp\/v2\/posts"}],"about":[{"href":"https:\/\/radiocresatelital.com\/index.php?rest_route=\/wp\/v2\/types\/post"}],"author":[{"embeddable":true,"href":"https:\/\/radiocresatelital.com\/index.php?rest_route=\/wp\/v2\/users\/3"}],"replies":[{"embeddable":true,"href":"https:\/\/radiocresatelital.com\/index.php?rest_route=%2Fwp%2Fv2%2Fcomments&post=19597"}],"version-history":[{"count":1,"href":"https:\/\/radiocresatelital.com\/index.php?rest_route=\/wp\/v2\/posts\/19597\/revisions"}],"predecessor-version":[{"id":19599,"href":"https:\/\/radiocresatelital.com\/index.php?rest_route=\/wp\/v2\/posts\/19597\/revisions\/19599"}],"wp:featuredmedia":[{"embeddable":true,"href":"https:\/\/radiocresatelital.com\/index.php?rest_route=\/wp\/v2\/media\/19598"}],"wp:attachment":[{"href":"https:\/\/radiocresatelital.com\/index.php?rest_route=%2Fwp%2Fv2%2Fmedia&parent=19597"}],"wp:term":[{"taxonomy":"category","embeddable":true,"href":"https:\/\/radiocresatelital.com\/index.php?rest_route=%2Fwp%2Fv2%2Fcategories&post=19597"},{"taxonomy":"post_tag","embeddable":true,"href":"https:\/\/radiocresatelital.com\/index.php?rest_route=%2Fwp%2Fv2%2Ftags&post=19597"}],"curies":[{"name":"wp","href":"https:\/\/api.w.org\/{rel}","templated":true}]}}