{"id":19571,"date":"2024-10-04T21:36:11","date_gmt":"2024-10-04T21:36:11","guid":{"rendered":"https:\/\/radiocresatelital.com\/?p=19571"},"modified":"2024-10-04T21:36:11","modified_gmt":"2024-10-04T21:36:11","slug":"avanza-la-construccion-de-la-carcel-el-encuentro-en-santa-elena-el-presidente-daniel-noboa-superviso-la-obra","status":"publish","type":"post","link":"https:\/\/radiocresatelital.com\/?p=19571","title":{"rendered":"Avanza la construcci\u00f3n de la c\u00e1rcel el Encuentro en Santa Elena, El Presidente Daniel Noboa supervis\u00f3 la Obra"},"content":{"rendered":"<p>Santa Elena.- El presidente Daniel Noboa Azin sobrevol\u00f3 y recorri\u00f3 esta ma\u00f1ana, 04 de octubre de 2024, la construcci\u00f3n de la \u201cC\u00e1rcel El Encuentro\u201d, que se edifica en Santa Elena. Durante su visita al lugar dijo: \u201cBuscamos tener un sistema penitenciario m\u00e1s avanzado; con el aislamiento necesario en m\u00e1xima seguridad para las personas privadas de la libertad\u201d.<\/p>\n<p>El centro est\u00e1 dise\u00f1ado para la reclasificaci\u00f3n y aislamiento de personas privadas de libertad de acuerdo al nivel de peligrosidad. En cerca de sus 37 hect\u00e1reas y 14.000 metros cuadrados de construcci\u00f3n, el sitio contar\u00e1 con tecnolog\u00eda de vanguardia en seguridad, as\u00ed como otros sistemas de videovigilancia atados a la inteligencia artificial.<\/p>\n<p>Esto monitorear\u00e1 en tiempo real el comportamiento de las personas recluidas. El director general del Servicio Nacional de Atenci\u00f3n Integral a Personas Privadas de la Libertad y Adolescentes Infractores (SNAI), Luis Zaldumbide, se\u00f1al\u00f3 que este reclusorio se construir\u00e1 en \u201ctiempo r\u00e9cord\u201d, es decir en 300 d\u00edas. Por ahora los avances f\u00edsicos de la obra se encuentran en un 12 %.<\/p>\n<p>A la fecha se construyen los pabellones, las plataformas que albergar\u00e1n las torres de control, la repavimentaci\u00f3n de paredes para las murallas entre otros trabajos t\u00e9cnicos y de vanguardia.<\/p>\n<p>Con el centro de rehabilitaci\u00f3n se pretende \u201cdar un respiro y esperanza a la gente. Estamos mejorando la situaci\u00f3n (de seguridad) y los centros de reclusi\u00f3n ya no ser\u00e1n centros de crimen, sino servir\u00e1n para que se cumplan las sentencias y exista una verdadera rehabilitaci\u00f3n\u201d, mencion\u00f3 el jefe de Estado.<\/p>\n<p>El Mandatario agradeci\u00f3 a la poblaci\u00f3n del sector \u201cpor ser parte fundamental de esta obra\u201d en la que se ha invertido cerca de USD 54 millones y es parte estrat\u00e9gica de los lineamientos de seguridad del gobierno.<\/p>\n<p>En paralelo, el proyecto ubicado en el sector de \u00b4Puntas del Pac\u00edfico\u2019 dinamiza el empleo local. Para responder a las necesidades de la ciudadan\u00eda se construir\u00e1 un centro m\u00e9dico, se adquirir\u00e1 una ambulancia; se edificar\u00e1 una cancha multiuso y se reconstruir\u00e1 una unidad educativa, se\u00f1al\u00f3 el funcionario.<\/p>\n<p>La obra avanza por buen camino y pronto el Ecuador tendr\u00e1 verdaderos centros carcelarios, con tecnolog\u00eda de punta para el monitoreo exhaustivo y efectivo de las personas que cumplen sentencias.<\/p>\n","protected":false},"excerpt":{"rendered":"<p>Santa Elena.- El presidente Daniel Noboa Azin sobrevol\u00f3 y recorri\u00f3 esta ma\u00f1ana, 04 de octubre de 2024, la construcci\u00f3n de la \u201cC\u00e1rcel El Encuentro\u201d, que se edifica en Santa Elena. Durante su visita al lugar dijo: \u201cBuscamos tener un sistema penitenciario m\u00e1s avanzado; con el aislamiento necesario en m\u00e1xima seguridad para las personas privadas de [&hellip;]<\/p>\n","protected":false},"author":2,"featured_media":19572,"comment_status":"open","ping_status":"closed","sticky":false,"template":"","format":"standard","meta":{"_jetpack_memberships_contains_paid_content":false,"footnotes":""},"categories":[13],"tags":[1322],"class_list":["post-19571","post","type-post","status-publish","format-standard","has-post-thumbnail","hentry","category-noticias-nacionales","tag-presidente-daniel-noboa"],"jetpack_featured_media_url":"https:\/\/radiocresatelital.com\/wp-content\/uploads\/2024\/10\/54042009132_09506db90a_c.jpg","jetpack_sharing_enabled":true,"_links":{"self":[{"href":"https:\/\/radiocresatelital.com\/index.php?rest_route=\/wp\/v2\/posts\/19571","targetHints":{"allow":["GET"]}}],"collection":[{"href":"https:\/\/radiocresatelital.com\/index.php?rest_route=\/wp\/v2\/posts"}],"about":[{"href":"https:\/\/radiocresatelital.com\/index.php?rest_route=\/wp\/v2\/types\/post"}],"author":[{"embeddable":true,"href":"https:\/\/radiocresatelital.com\/index.php?rest_route=\/wp\/v2\/users\/2"}],"replies":[{"embeddable":true,"href":"https:\/\/radiocresatelital.com\/index.php?rest_route=%2Fwp%2Fv2%2Fcomments&post=19571"}],"version-history":[{"count":1,"href":"https:\/\/radiocresatelital.com\/index.php?rest_route=\/wp\/v2\/posts\/19571\/revisions"}],"predecessor-version":[{"id":19573,"href":"https:\/\/radiocresatelital.com\/index.php?rest_route=\/wp\/v2\/posts\/19571\/revisions\/19573"}],"wp:featuredmedia":[{"embeddable":true,"href":"https:\/\/radiocresatelital.com\/index.php?rest_route=\/wp\/v2\/media\/19572"}],"wp:attachment":[{"href":"https:\/\/radiocresatelital.com\/index.php?rest_route=%2Fwp%2Fv2%2Fmedia&parent=19571"}],"wp:term":[{"taxonomy":"category","embeddable":true,"href":"https:\/\/radiocresatelital.com\/index.php?rest_route=%2Fwp%2Fv2%2Fcategories&post=19571"},{"taxonomy":"post_tag","embeddable":true,"href":"https:\/\/radiocresatelital.com\/index.php?rest_route=%2Fwp%2Fv2%2Ftags&post=19571"}],"curies":[{"name":"wp","href":"https:\/\/api.w.org\/{rel}","templated":true}]}}