{"id":19558,"date":"2024-10-04T18:41:34","date_gmt":"2024-10-04T18:41:34","guid":{"rendered":"https:\/\/radiocresatelital.com\/?p=19558"},"modified":"2024-10-04T20:45:33","modified_gmt":"2024-10-04T20:45:33","slug":"mall-del-norte-celebra-halloween-con-su-laberinto-de-terror","status":"publish","type":"post","link":"https:\/\/radiocresatelital.com\/?p=19558","title":{"rendered":"Mall del Norte celebra Halloween con su laberinto de terror"},"content":{"rendered":"<p class=\"x_MsoNormal\"><span lang=\"ES-MX\" data-olk-copy-source=\"MessageBody\">Guayaquil.- Desde el 5 de octubre hasta el 4 de noviembre, <b>Mall del Norte<\/b>\u00a0se convertir\u00e1 en el epicentro del miedo con su estaci\u00f3n de Halloween: El Laberinto del Terror. Esta divertida y aterradora atracci\u00f3n est\u00e1 dise\u00f1ada para los amantes de las emociones fuertes.<\/span><span lang=\"ES-MX\">\u00a0<\/span><\/p>\n<p class=\"x_MsoNormal\"><span lang=\"ES-MX\">Con pasillos oscuros y sorpresas en el interior de su laberinto, los grandes y peque\u00f1os podr\u00e1n vivir de una experiencia inolvidable, en horarios de jueves a viernes de 15h00 a 21h00 locales (20h00 a 02h00 GMT); s\u00e1bados, de 12h00 a 21h00 locales (17h00 a 02h00 GMT), y domingos, de 12h00 a 21h00 locales (17h00 a 02h00 GMT). Los feriados a partir de las 12h00 a 21h00 locales (17h00 a 02h00 GMT).<\/span><span lang=\"ES-MX\">\u00a0<\/span><\/p>\n<p class=\"x_MsoNormal\"><span lang=\"ES-MX\">El Laberinto del Terror se encontrar\u00e1 disponible en el nivel 1 del centro comercial ubicado en la Av. Francisco de Orellana, y para ingresar a la atracci\u00f3n deber\u00e1 cancelar un valor de $2,50 adultos y $2 ni\u00f1os. Se aplicar\u00e1n restricciones para garantizar la seguridad de todos los visitantes.<\/span><b><span lang=\"ES-MX\">\u00a0<\/span><\/b><\/p>\n<p class=\"x_MsoNormal\"><b><span lang=\"ES-MX\">Mall del Norte\u00a0<\/span><\/b><span lang=\"ES-MX\">invita a todos sus clientes a vivir la atm\u00f3sfera aterradora en este Halloween, con su divertido y escalofriante, Laberinto del Terror. Los invitamos a seguirlos en sus redes sociales como @malldelnorte_gye para mayor informaci\u00f3n.\u00a0<\/span><\/p>\n","protected":false},"excerpt":{"rendered":"<p>Guayaquil.- Desde el 5 de octubre hasta el 4 de noviembre, Mall del Norte\u00a0se convertir\u00e1 en el epicentro del miedo con su estaci\u00f3n de Halloween: El Laberinto del Terror. Esta divertida y aterradora atracci\u00f3n est\u00e1 dise\u00f1ada para los amantes de las emociones fuertes.\u00a0 Con pasillos oscuros y sorpresas en el interior de su laberinto, los [&hellip;]<\/p>\n","protected":false},"author":2,"featured_media":19559,"comment_status":"open","ping_status":"closed","sticky":false,"template":"","format":"standard","meta":{"_jetpack_memberships_contains_paid_content":false,"footnotes":""},"categories":[2162],"tags":[762],"class_list":["post-19558","post","type-post","status-publish","format-standard","has-post-thumbnail","hentry","category-entretenimiento","tag-mall-del-norte"],"jetpack_featured_media_url":"https:\/\/radiocresatelital.com\/wp-content\/uploads\/2024\/10\/HALLOWEEN-MALL-DEL-NORTE.jpeg","jetpack_sharing_enabled":true,"_links":{"self":[{"href":"https:\/\/radiocresatelital.com\/index.php?rest_route=\/wp\/v2\/posts\/19558","targetHints":{"allow":["GET"]}}],"collection":[{"href":"https:\/\/radiocresatelital.com\/index.php?rest_route=\/wp\/v2\/posts"}],"about":[{"href":"https:\/\/radiocresatelital.com\/index.php?rest_route=\/wp\/v2\/types\/post"}],"author":[{"embeddable":true,"href":"https:\/\/radiocresatelital.com\/index.php?rest_route=\/wp\/v2\/users\/2"}],"replies":[{"embeddable":true,"href":"https:\/\/radiocresatelital.com\/index.php?rest_route=%2Fwp%2Fv2%2Fcomments&post=19558"}],"version-history":[{"count":1,"href":"https:\/\/radiocresatelital.com\/index.php?rest_route=\/wp\/v2\/posts\/19558\/revisions"}],"predecessor-version":[{"id":19560,"href":"https:\/\/radiocresatelital.com\/index.php?rest_route=\/wp\/v2\/posts\/19558\/revisions\/19560"}],"wp:featuredmedia":[{"embeddable":true,"href":"https:\/\/radiocresatelital.com\/index.php?rest_route=\/wp\/v2\/media\/19559"}],"wp:attachment":[{"href":"https:\/\/radiocresatelital.com\/index.php?rest_route=%2Fwp%2Fv2%2Fmedia&parent=19558"}],"wp:term":[{"taxonomy":"category","embeddable":true,"href":"https:\/\/radiocresatelital.com\/index.php?rest_route=%2Fwp%2Fv2%2Fcategories&post=19558"},{"taxonomy":"post_tag","embeddable":true,"href":"https:\/\/radiocresatelital.com\/index.php?rest_route=%2Fwp%2Fv2%2Ftags&post=19558"}],"curies":[{"name":"wp","href":"https:\/\/api.w.org\/{rel}","templated":true}]}}