{"id":19555,"date":"2024-10-04T20:38:50","date_gmt":"2024-10-04T20:38:50","guid":{"rendered":"https:\/\/radiocresatelital.com\/?p=19555"},"modified":"2024-10-04T20:38:50","modified_gmt":"2024-10-04T20:38:50","slug":"mag-articula-trabajo-con-gad-parroquial-la-america-del-canton-jipijapa","status":"publish","type":"post","link":"https:\/\/radiocresatelital.com\/?p=19555","title":{"rendered":"MAG articula trabajo con GAD Parroquial La Am\u00e9rica del cant\u00f3n Jipijapa"},"content":{"rendered":"<p>Jipijapa. &#8211; El Ministerio de Agricultura y Ganader\u00eda (MAG), en coordinaci\u00f3n con el GAD parroquial La Am\u00e9rica, ejecuta el proyecto denominado Plan de Mejoramiento de la Calidad de la Vida de los productores de la parroquia La Am\u00e9rica a trav\u00e9s de la implementaci\u00f3n y producci\u00f3n de rubros agropecuarios durante el per\u00edodo 2024.<\/p>\n<p>Leopoldo Viteri, director Distrital del MAG en Manab\u00ed, dijo que este proyecto prioriza a personas vulnerables, familias con ni\u00f1os que sufren desnutrici\u00f3n infantil y a la poblaci\u00f3n en general, los t\u00e9cnicos en territorio participan activamente en las mesas intersectoriales cantonales y parroquiales, liderada por la Secretar\u00eda T\u00e9cnica Ecuador Crece Sin Desnutrici\u00f3n Infantil, en las cuales intervienen instituciones p\u00fablicas dedicadas al bienestar de los ni\u00f1os.<\/p>\n<p>En el mes de septiembre el GAD Parroquial entreg\u00f3 2.000 gallinas ponedoras a 100 familias, todas con un kit b\u00e1sico para su respectivo manejo, mediante la asistencia t\u00e9cnica y capacitaci\u00f3n de t\u00e9cnicos del MAG, se asegura la producci\u00f3n de 1.700 huevos diarios, mediante el pastoreo libre de las gallinas. Las aves deben de mantenerse en ambientes frescos e hidratadas, esto es importante para que la producci\u00f3n de huevos sea saludable, destac\u00f3 Viteri.<\/p>\n<p>Desde el a\u00f1o 2023, el GAD Parroquial La Am\u00e9rica, en coordinaci\u00f3n con el MAG, impulsan iniciativas como la instalaci\u00f3n de invernaderos para la producci\u00f3n de hortalizas y viveros para la producci\u00f3n de plantas perennes.<\/p>\n<p>Joffre Quim\u00eds, presidente del GAD parroquial La Am\u00e9rica, anunci\u00f3 que el a\u00f1o 2025 junto al MAG ejecutar\u00e1n la tercera fase del proyecto. \u201cSe trabajar\u00e1 con cerdas reproductoras, m\u00e1s gallinas ponedoras, la producci\u00f3n de plantas perennes en viveros y se continuar\u00e1 con la producci\u00f3n de hortalizas en invernaderos\u201d, dijo Quimis.<\/p>\n<p>En un trabajo coordinado entre productores y t\u00e9cnicos del MAG, se han producido 70.000 plantas certificadas de caf\u00e9, especies forestales, c\u00edtricos y cacao injertados, las cuales se entregar\u00e1n a finales de este a\u00f1o a los productores del sector, previo a la entrega, se realizan procesos de capacitaci\u00f3n sobre manejo del cultivo.<\/p>\n","protected":false},"excerpt":{"rendered":"<p>Jipijapa. &#8211; El Ministerio de Agricultura y Ganader\u00eda (MAG), en coordinaci\u00f3n con el GAD parroquial La Am\u00e9rica, ejecuta el proyecto denominado Plan de Mejoramiento de la Calidad de la Vida de los productores de la parroquia La Am\u00e9rica a trav\u00e9s de la implementaci\u00f3n y producci\u00f3n de rubros agropecuarios durante el per\u00edodo 2024. Leopoldo Viteri, director [&hellip;]<\/p>\n","protected":false},"author":2,"featured_media":19556,"comment_status":"open","ping_status":"closed","sticky":false,"template":"","format":"standard","meta":{"_jetpack_memberships_contains_paid_content":false,"footnotes":""},"categories":[13],"tags":[294],"class_list":["post-19555","post","type-post","status-publish","format-standard","has-post-thumbnail","hentry","category-noticias-nacionales","tag-ministerio-de-agricultura-y-ganaderia"],"jetpack_featured_media_url":"https:\/\/radiocresatelital.com\/wp-content\/uploads\/2024\/10\/WhatsApp-Image-2024-10-03-at-11.15.26.jpeg","jetpack_sharing_enabled":true,"_links":{"self":[{"href":"https:\/\/radiocresatelital.com\/index.php?rest_route=\/wp\/v2\/posts\/19555","targetHints":{"allow":["GET"]}}],"collection":[{"href":"https:\/\/radiocresatelital.com\/index.php?rest_route=\/wp\/v2\/posts"}],"about":[{"href":"https:\/\/radiocresatelital.com\/index.php?rest_route=\/wp\/v2\/types\/post"}],"author":[{"embeddable":true,"href":"https:\/\/radiocresatelital.com\/index.php?rest_route=\/wp\/v2\/users\/2"}],"replies":[{"embeddable":true,"href":"https:\/\/radiocresatelital.com\/index.php?rest_route=%2Fwp%2Fv2%2Fcomments&post=19555"}],"version-history":[{"count":1,"href":"https:\/\/radiocresatelital.com\/index.php?rest_route=\/wp\/v2\/posts\/19555\/revisions"}],"predecessor-version":[{"id":19557,"href":"https:\/\/radiocresatelital.com\/index.php?rest_route=\/wp\/v2\/posts\/19555\/revisions\/19557"}],"wp:featuredmedia":[{"embeddable":true,"href":"https:\/\/radiocresatelital.com\/index.php?rest_route=\/wp\/v2\/media\/19556"}],"wp:attachment":[{"href":"https:\/\/radiocresatelital.com\/index.php?rest_route=%2Fwp%2Fv2%2Fmedia&parent=19555"}],"wp:term":[{"taxonomy":"category","embeddable":true,"href":"https:\/\/radiocresatelital.com\/index.php?rest_route=%2Fwp%2Fv2%2Fcategories&post=19555"},{"taxonomy":"post_tag","embeddable":true,"href":"https:\/\/radiocresatelital.com\/index.php?rest_route=%2Fwp%2Fv2%2Ftags&post=19555"}],"curies":[{"name":"wp","href":"https:\/\/api.w.org\/{rel}","templated":true}]}}