{"id":19543,"date":"2024-10-04T20:15:37","date_gmt":"2024-10-04T20:15:37","guid":{"rendered":"https:\/\/radiocresatelital.com\/?p=19543"},"modified":"2024-10-04T20:15:37","modified_gmt":"2024-10-04T20:15:37","slug":"humana-se-renueva-y-ofrece-una-conexion-mas-cercana-y-autentica-con-sus-afiliados","status":"publish","type":"post","link":"https:\/\/radiocresatelital.com\/?p=19543","title":{"rendered":"Humana se renueva y ofrece una conexi\u00f3n m\u00e1s cercana y aut\u00e9ntica con sus afiliados"},"content":{"rendered":"<p>Quito.- A trav\u00e9s de su campa\u00f1a &#8216;Consideraci\u00f3n Humana&#8217;, la compa\u00f1\u00eda refuerza su compromiso de cuidar y acompa\u00f1ar a cada persona de manera profunda y significativa. Esta transformaci\u00f3n va m\u00e1s all\u00e1 de un simple cambio visual; representa un renovado enfoque en la humanidad y la cercan\u00eda.<\/p>\n<p>En un mercado donde la salud y el bienestar suelen abordarse de manera tradicional, Humana se distingue por su enfoque genuino y filosof\u00eda clara. Este rebranding refleja su visi\u00f3n de valorar y atender las necesidades individuales de cada afiliado, priorizando la personalizaci\u00f3n y el ser escuchados. M\u00e1s que ofrecer servicios de medicina, se centra en la atenci\u00f3n como su principal fortaleza.<\/p>\n<p>Humana cuenta con especialistas y prestadores de salud de la m\u00e1s alta calidad, comprometidos con la innovaci\u00f3n y la mejora continua para ofrecer una atenci\u00f3n excepcional. Este paso no solo marca un hito en la evoluci\u00f3n de la compa\u00f1\u00eda, sino que tambi\u00e9n refuerza su compromiso de liderar con empat\u00eda e innovaci\u00f3n, buscando mejorar la vida de sus afiliados y contribuir positivamente a la sociedad.<\/p>\n<p>Al renovar su enfoque y mantener una cercan\u00eda aut\u00e9ntica, Humana refuerza su compromiso con una atenci\u00f3n emp\u00e1tica y personalizada. Esta evoluci\u00f3n resalta su dedicaci\u00f3n a ofrecer un servicio que realmente se ajusta a las necesidades de sus afiliados.<\/p>\n","protected":false},"excerpt":{"rendered":"<p>Quito.- A trav\u00e9s de su campa\u00f1a &#8216;Consideraci\u00f3n Humana&#8217;, la compa\u00f1\u00eda refuerza su compromiso de cuidar y acompa\u00f1ar a cada persona de manera profunda y significativa. Esta transformaci\u00f3n va m\u00e1s all\u00e1 de un simple cambio visual; representa un renovado enfoque en la humanidad y la cercan\u00eda. En un mercado donde la salud y el bienestar suelen [&hellip;]<\/p>\n","protected":false},"author":2,"featured_media":19544,"comment_status":"open","ping_status":"closed","sticky":false,"template":"","format":"standard","meta":{"_jetpack_memberships_contains_paid_content":false,"footnotes":""},"categories":[13],"tags":[3081],"class_list":["post-19543","post","type-post","status-publish","format-standard","has-post-thumbnail","hentry","category-noticias-nacionales","tag-consideracion-humana"],"jetpack_featured_media_url":"https:\/\/radiocresatelital.com\/wp-content\/uploads\/2024\/10\/WhatsApp-Image-2024-10-03-at-18.00.28.jpeg","jetpack_sharing_enabled":true,"_links":{"self":[{"href":"https:\/\/radiocresatelital.com\/index.php?rest_route=\/wp\/v2\/posts\/19543","targetHints":{"allow":["GET"]}}],"collection":[{"href":"https:\/\/radiocresatelital.com\/index.php?rest_route=\/wp\/v2\/posts"}],"about":[{"href":"https:\/\/radiocresatelital.com\/index.php?rest_route=\/wp\/v2\/types\/post"}],"author":[{"embeddable":true,"href":"https:\/\/radiocresatelital.com\/index.php?rest_route=\/wp\/v2\/users\/2"}],"replies":[{"embeddable":true,"href":"https:\/\/radiocresatelital.com\/index.php?rest_route=%2Fwp%2Fv2%2Fcomments&post=19543"}],"version-history":[{"count":1,"href":"https:\/\/radiocresatelital.com\/index.php?rest_route=\/wp\/v2\/posts\/19543\/revisions"}],"predecessor-version":[{"id":19545,"href":"https:\/\/radiocresatelital.com\/index.php?rest_route=\/wp\/v2\/posts\/19543\/revisions\/19545"}],"wp:featuredmedia":[{"embeddable":true,"href":"https:\/\/radiocresatelital.com\/index.php?rest_route=\/wp\/v2\/media\/19544"}],"wp:attachment":[{"href":"https:\/\/radiocresatelital.com\/index.php?rest_route=%2Fwp%2Fv2%2Fmedia&parent=19543"}],"wp:term":[{"taxonomy":"category","embeddable":true,"href":"https:\/\/radiocresatelital.com\/index.php?rest_route=%2Fwp%2Fv2%2Fcategories&post=19543"},{"taxonomy":"post_tag","embeddable":true,"href":"https:\/\/radiocresatelital.com\/index.php?rest_route=%2Fwp%2Fv2%2Ftags&post=19543"}],"curies":[{"name":"wp","href":"https:\/\/api.w.org\/{rel}","templated":true}]}}