{"id":19540,"date":"2024-10-04T19:30:08","date_gmt":"2024-10-04T19:30:08","guid":{"rendered":"https:\/\/radiocresatelital.com\/?p=19540"},"modified":"2024-11-08T04:27:38","modified_gmt":"2024-11-08T04:27:38","slug":"nestle-revoluciona-la-experiencia-del-consumidor-con-la-apertura-de-su-primera-tienda-nestle-signature-store-en-ecuador","status":"publish","type":"post","link":"https:\/\/radiocresatelital.com\/?p=19540","title":{"rendered":"Nestl\u00e9 revoluciona la experiencia del consumidor con la apertura de su primera tienda Nestl\u00e9 Signature Store en Ecuador"},"content":{"rendered":"<p>Quito.- Nestl\u00e9 Ecuador anuncia la apertura de su primera tienda en Ecuador: Nestl\u00e9 Signature Store. Un espacio dise\u00f1ado para ofrecer una experiencia \u00fanica e innovadora con sus marcas.<\/p>\n<p>La tienda se divide en varias \u00e1reas, desde una cafeter\u00eda con una amplia oferta de bebidas fr\u00edas y calientes con NESCAF\u00c9, acompa\u00f1adas de s\u00e1nduches, con exclusivas salsas MAGGI y deliciosos postres hechos con KITKAT, TANGO, GALAK. Adem\u00e1s, la tienda tiene una chocolater\u00eda donde los consumidores podr\u00e1n personalizar sus propias barras de chocolate; un espacio especial para los amantes de nuestras marcas, donde podr\u00e1n adquirir souvenirs, un supermercado con un extenso portafolio de productos y los \u00faltimos lanzamientos de Nestl\u00e9; y una zona pet-friendly auspiciada por PURINA, ideal para quienes desean compartir momentos especiales con sus mascotas.<\/p>\n<p>Adem\u00e1s, la tienda cuenta con diversas \u00e1reas de consumo para compartir momentos inolvidables, una zona de sostenibilidad que destaca las iniciativas de Nestl\u00e9 para apoyar a la comunidad y al planeta, un espacio KitKat con una resbaladera para agregar diversi\u00f3n a sus breaks, y un \u00e1rea Nescaf\u00e9 perfecta para reuniones con amigos.<\/p>\n<p>\u201cNestl\u00e9 Signature Store es mucho m\u00e1s que una tienda; es un viaje sensorial. Aqu\u00ed, cada visita es una oportunidad para descubrir nuevos sabores, personalizar tu experiencia y compartir momentos inolvidables con amigos y familia. Desde un Nescaf\u00e9 hecho a tu gusto, una barra de chocolate artesanal y una resbaladera para alegrar tus KITKAT breaks, cada detalle est\u00e1 dise\u00f1ado para sorprenderte y deleitarte\u201d, afirm\u00f3 Viviana Valdivieso, Vicepresidenta de Marketing y Comunicaciones de Nestl\u00e9.<br \/>\nCon el lanzamiento de esta iniciativa, Nestl\u00e9 Ecuador ratifica su compromiso con la innovaci\u00f3n, sus consumidores, y el pa\u00eds, trayendo una tienda \u00fanica en el mundo al Ecuador.<\/p>\n","protected":false},"excerpt":{"rendered":"<p>Quito.- Nestl\u00e9 Ecuador anuncia la apertura de su primera tienda en Ecuador: Nestl\u00e9 Signature Store. Un espacio dise\u00f1ado para ofrecer una experiencia \u00fanica e innovadora con sus marcas. La tienda se divide en varias \u00e1reas, desde una cafeter\u00eda con una amplia oferta de bebidas fr\u00edas y calientes con NESCAF\u00c9, acompa\u00f1adas de s\u00e1nduches, con exclusivas salsas [&hellip;]<\/p>\n","protected":false},"author":2,"featured_media":19541,"comment_status":"open","ping_status":"closed","sticky":false,"template":"","format":"standard","meta":{"_jetpack_memberships_contains_paid_content":false,"footnotes":""},"categories":[3256],"tags":[1923],"class_list":["post-19540","post","type-post","status-publish","format-standard","has-post-thumbnail","hentry","category-comunidad","tag-nestle-ecuador"],"jetpack_featured_media_url":"https:\/\/radiocresatelital.com\/wp-content\/uploads\/2024\/10\/WhatsApp-Image-2024-10-03-at-21.32.31.jpeg","jetpack_sharing_enabled":true,"_links":{"self":[{"href":"https:\/\/radiocresatelital.com\/index.php?rest_route=\/wp\/v2\/posts\/19540","targetHints":{"allow":["GET"]}}],"collection":[{"href":"https:\/\/radiocresatelital.com\/index.php?rest_route=\/wp\/v2\/posts"}],"about":[{"href":"https:\/\/radiocresatelital.com\/index.php?rest_route=\/wp\/v2\/types\/post"}],"author":[{"embeddable":true,"href":"https:\/\/radiocresatelital.com\/index.php?rest_route=\/wp\/v2\/users\/2"}],"replies":[{"embeddable":true,"href":"https:\/\/radiocresatelital.com\/index.php?rest_route=%2Fwp%2Fv2%2Fcomments&post=19540"}],"version-history":[{"count":1,"href":"https:\/\/radiocresatelital.com\/index.php?rest_route=\/wp\/v2\/posts\/19540\/revisions"}],"predecessor-version":[{"id":19542,"href":"https:\/\/radiocresatelital.com\/index.php?rest_route=\/wp\/v2\/posts\/19540\/revisions\/19542"}],"wp:featuredmedia":[{"embeddable":true,"href":"https:\/\/radiocresatelital.com\/index.php?rest_route=\/wp\/v2\/media\/19541"}],"wp:attachment":[{"href":"https:\/\/radiocresatelital.com\/index.php?rest_route=%2Fwp%2Fv2%2Fmedia&parent=19540"}],"wp:term":[{"taxonomy":"category","embeddable":true,"href":"https:\/\/radiocresatelital.com\/index.php?rest_route=%2Fwp%2Fv2%2Fcategories&post=19540"},{"taxonomy":"post_tag","embeddable":true,"href":"https:\/\/radiocresatelital.com\/index.php?rest_route=%2Fwp%2Fv2%2Ftags&post=19540"}],"curies":[{"name":"wp","href":"https:\/\/api.w.org\/{rel}","templated":true}]}}