{"id":19504,"date":"2024-10-03T22:44:52","date_gmt":"2024-10-03T22:44:52","guid":{"rendered":"https:\/\/radiocresatelital.com\/?p=19504"},"modified":"2024-10-03T22:44:52","modified_gmt":"2024-10-03T22:44:52","slug":"jujan-contara-con-una-moderna-unidad-de-policia-comunitaria-en-beneficio-de-25-000-habitantes","status":"publish","type":"post","link":"https:\/\/radiocresatelital.com\/?p=19504","title":{"rendered":"Jujan contar\u00e1 con una moderna unidad de polic\u00eda comunitaria en beneficio de 25.000 habitantes"},"content":{"rendered":"<p>Jujan.- El Gobierno del Presidente Daniel Noboa invierte en una moderna Unidad de Polic\u00eda Comunitaria que contribuir\u00e1 a la seguridad ciudadana de Jujan. Para esta obra se ha destinado cerca de USD 614.680. Esta ma\u00f1ana, 3 de octubre de 2024, el viceministro de Seguridad P\u00fablica, Fausto I\u00f1iguez, constat\u00f3 los avances de la infraestructura que albergar\u00e1 pr\u00f3ximamente a 38 servidores policiales, entre operativos y permanentes.<\/p>\n<p>Esta UPC se suma a las tres que ya se entregaron en Cayambe y Ambato; y a la Unidad de Vigilancia Comunitaria de Atacames. Las unidades cambian el rumbo del Ecuador para as\u00ed construir una sociedad m\u00e1s pac\u00edfica.<\/p>\n<p>La unidad de polic\u00eda comunitaria de Jujan se encuentra en el Distrito Jujan-Sim\u00f3n Bol\u00edvar y beneficiar\u00e1 a 25.000 habitantes del sector. La infraestructura cuenta con una superficie de 295 metros cuadrados y estar\u00e1 operativa las 24 horas al d\u00eda, siete d\u00edas a la semana.<\/p>\n<p>En cuanto a equipamiento, cuenta con paredes reforzadas, sistema de videovigilancia conectado con el ECU911 y blindaje en accesos, entre otros detalles. La misma se entregar\u00e1 a la comunidad en los pr\u00f3ximos d\u00edas.<\/p>\n<p>El viceministro de Seguridad P\u00fablica, Fausto I\u00f1iguez, mencion\u00f3 que estas obras se est\u00e1n terminando para garantizar un trabajo m\u00e1s efectivo de la Polic\u00eda Nacional que, \u201csin miedo, enfrentan al crimen y la delincuencia\u201d.<\/p>\n<p>Para la alcaldesa de Jujan, \u00c1ngela Herrera, el Gobierno de Noboa s\u00ed demuestra su compromiso en resolver la situaci\u00f3n de inseguridad en el pa\u00eds. Por lo que agradeci\u00f3 al Presidente por esta obra.<\/p>\n<p>En las pr\u00f3ximas semanas tambi\u00e9n se prev\u00e9 la entrega de otras cinco UPC para la comunidad. Con ello se mantiene la implementaci\u00f3n de un modelo de servicio operativo que prevenga y combata la inseguridad.<\/p>\n","protected":false},"excerpt":{"rendered":"<p>Jujan.- El Gobierno del Presidente Daniel Noboa invierte en una moderna Unidad de Polic\u00eda Comunitaria que contribuir\u00e1 a la seguridad ciudadana de Jujan. Para esta obra se ha destinado cerca de USD 614.680. Esta ma\u00f1ana, 3 de octubre de 2024, el viceministro de Seguridad P\u00fablica, Fausto I\u00f1iguez, constat\u00f3 los avances de la infraestructura que albergar\u00e1 [&hellip;]<\/p>\n","protected":false},"author":2,"featured_media":19505,"comment_status":"open","ping_status":"closed","sticky":false,"template":"","format":"standard","meta":{"_jetpack_memberships_contains_paid_content":false,"footnotes":""},"categories":[13],"tags":[1322],"class_list":["post-19504","post","type-post","status-publish","format-standard","has-post-thumbnail","hentry","category-noticias-nacionales","tag-presidente-daniel-noboa"],"jetpack_featured_media_url":"https:\/\/radiocresatelital.com\/wp-content\/uploads\/2024\/10\/54040658050_3b580805c8_c.jpg","jetpack_sharing_enabled":true,"_links":{"self":[{"href":"https:\/\/radiocresatelital.com\/index.php?rest_route=\/wp\/v2\/posts\/19504","targetHints":{"allow":["GET"]}}],"collection":[{"href":"https:\/\/radiocresatelital.com\/index.php?rest_route=\/wp\/v2\/posts"}],"about":[{"href":"https:\/\/radiocresatelital.com\/index.php?rest_route=\/wp\/v2\/types\/post"}],"author":[{"embeddable":true,"href":"https:\/\/radiocresatelital.com\/index.php?rest_route=\/wp\/v2\/users\/2"}],"replies":[{"embeddable":true,"href":"https:\/\/radiocresatelital.com\/index.php?rest_route=%2Fwp%2Fv2%2Fcomments&post=19504"}],"version-history":[{"count":1,"href":"https:\/\/radiocresatelital.com\/index.php?rest_route=\/wp\/v2\/posts\/19504\/revisions"}],"predecessor-version":[{"id":19506,"href":"https:\/\/radiocresatelital.com\/index.php?rest_route=\/wp\/v2\/posts\/19504\/revisions\/19506"}],"wp:featuredmedia":[{"embeddable":true,"href":"https:\/\/radiocresatelital.com\/index.php?rest_route=\/wp\/v2\/media\/19505"}],"wp:attachment":[{"href":"https:\/\/radiocresatelital.com\/index.php?rest_route=%2Fwp%2Fv2%2Fmedia&parent=19504"}],"wp:term":[{"taxonomy":"category","embeddable":true,"href":"https:\/\/radiocresatelital.com\/index.php?rest_route=%2Fwp%2Fv2%2Fcategories&post=19504"},{"taxonomy":"post_tag","embeddable":true,"href":"https:\/\/radiocresatelital.com\/index.php?rest_route=%2Fwp%2Fv2%2Ftags&post=19504"}],"curies":[{"name":"wp","href":"https:\/\/api.w.org\/{rel}","templated":true}]}}