{"id":19498,"date":"2024-10-03T22:37:04","date_gmt":"2024-10-03T22:37:04","guid":{"rendered":"https:\/\/radiocresatelital.com\/?p=19498"},"modified":"2024-10-03T22:37:04","modified_gmt":"2024-10-03T22:37:04","slug":"ecuador-fortalece-sus-vinculos-en-salud-durante-el-61o-consejo-directivo-de-la-ops","status":"publish","type":"post","link":"https:\/\/radiocresatelital.com\/?p=19498","title":{"rendered":"Ecuador fortalece sus v\u00ednculos en salud durante el 61\u00ba Consejo Directivo de la OPS"},"content":{"rendered":"<p>Quito.- Por segundo d\u00eda consecutivo, el ministro de Salud P\u00fablica del Ecuador, Antonio Naranjo, intervino en el 61\u00ba Consejo Directivo de la Organizaci\u00f3n Panamericana de la Salud (OPS), que se celebra hasta el 4 de octubre de 2024, en Washington, Estados Unidos.<\/p>\n<p>El ministro felicit\u00f3 y respald\u00f3 los esfuerzos liderados por la OPS en temas relacionados con el sector salud y el cambio clim\u00e1tico, destacando que son herramientas clave para abordar los desaf\u00edos actuales.<\/p>\n<p>En esa misma l\u00ednea de debate, el ministro Naranjo subray\u00f3 que, con el objetivo de aumentar la capacidad de adaptaci\u00f3n del sector salud frente al cambio clim\u00e1tico, el Ministerio de Salud P\u00fablica (MSP) impulsa a la OPS y a los Estados miembros a continuar fortaleciendo la preparaci\u00f3n, respuesta y recuperaci\u00f3n ante eventos como la radiaci\u00f3n ultravioleta, la disminuci\u00f3n de la calidad del aire, la escasez de agua y la transmisi\u00f3n de enfermedades relacionadas, entre otros.<\/p>\n<p>Adem\u00e1s, sostuvo que es fundamental la capacitaci\u00f3n y formaci\u00f3n de los profesionales de la salud para enfrentar estos desaf\u00edos de manera adecuada. Por ello, el MSP trabaja con 140 profesionales de las nueve Coordinaciones Zonales del pa\u00eds, quienes han adquirido conocimientos para responder con mayor precisi\u00f3n a los retos en salud generados por el cambio clim\u00e1tico.<\/p>\n<p>Naranjo tambi\u00e9n resalt\u00f3 el apoyo t\u00e9cnico de la OPS en el desarrollo de proyectos para abordar la vulnerabilidad del sector salud frente al cambio clim\u00e1tico, incluyendo la vigilancia de enfermedades sensibles al clima y el fortalecimiento de la infraestructura.<\/p>\n<p>Durante su intervenci\u00f3n, el ministro se\u00f1al\u00f3 que, con el objetivo de construir un sistema de salud con capacidad para mitigar las emisiones de carbono, Ecuador est\u00e1 midiendo la huella de carbono en 31 hospitales, una meta que se espera alcanzar en 2024.<\/p>\n<p>Esta iniciativa permitir\u00e1 identificar las principales fuentes de emisiones de CO2 en los hospitales del MSP e implementar acciones correctivas para avanzar hacia la transformaci\u00f3n de los hospitales en establecimientos sostenibles y respetuosos con el medio ambiente. \u201cEn los pr\u00f3ximos a\u00f1os, se espera ampliar la medici\u00f3n de la huella ecol\u00f3gica a un mayor n\u00famero de hospitales en todo el Sistema Nacional de Salud\u201d, ratific\u00f3.<\/p>\n<p><strong>Reuniones bilaterales con Brasil y la OPS<\/strong><\/p>\n<p>Como parte de sus actividades en Washington, el ministro Antonio Naranjo se reuni\u00f3 con su hom\u00f3loga brasile\u00f1a, N\u00edsia Trindade Lima, para dialogar sobre el liderazgo que ambos ejercen en sus respectivos sistemas nacionales de salud, compartir logros y experiencias.<\/p>\n<p>Entre los temas abordados se incluyeron: el impacto del cambio clim\u00e1tico en la salud, la creaci\u00f3n de un programa conjunto para la derivaci\u00f3n de pacientes internacionales cuyas patolog\u00edas no pueden ser tratadas en Ecuador, la elaboraci\u00f3n de un instrumento para el intercambio de m\u00e9dicos en programas de residencia y la coordinaci\u00f3n de mecanismos para lograr una integraci\u00f3n regional que lidere la compra conjunta de medicamentos, entre otros.<\/p>\n","protected":false},"excerpt":{"rendered":"<p>Quito.- Por segundo d\u00eda consecutivo, el ministro de Salud P\u00fablica del Ecuador, Antonio Naranjo, intervino en el 61\u00ba Consejo Directivo de la Organizaci\u00f3n Panamericana de la Salud (OPS), que se celebra hasta el 4 de octubre de 2024, en Washington, Estados Unidos. El ministro felicit\u00f3 y respald\u00f3 los esfuerzos liderados por la OPS en temas [&hellip;]<\/p>\n","protected":false},"author":2,"featured_media":19499,"comment_status":"open","ping_status":"closed","sticky":false,"template":"","format":"standard","meta":{"_jetpack_memberships_contains_paid_content":false,"footnotes":""},"categories":[13],"tags":[3069,879],"class_list":["post-19498","post","type-post","status-publish","format-standard","has-post-thumbnail","hentry","category-noticias-nacionales","tag-ministro-de-salud-publica-del-ecuador","tag-organizacion-panamericana-de-la-salud"],"jetpack_featured_media_url":"https:\/\/radiocresatelital.com\/wp-content\/uploads\/2024\/10\/WhatsApp-Image-2024-10-03-at-09.48.03-1.jpeg","jetpack_sharing_enabled":true,"_links":{"self":[{"href":"https:\/\/radiocresatelital.com\/index.php?rest_route=\/wp\/v2\/posts\/19498","targetHints":{"allow":["GET"]}}],"collection":[{"href":"https:\/\/radiocresatelital.com\/index.php?rest_route=\/wp\/v2\/posts"}],"about":[{"href":"https:\/\/radiocresatelital.com\/index.php?rest_route=\/wp\/v2\/types\/post"}],"author":[{"embeddable":true,"href":"https:\/\/radiocresatelital.com\/index.php?rest_route=\/wp\/v2\/users\/2"}],"replies":[{"embeddable":true,"href":"https:\/\/radiocresatelital.com\/index.php?rest_route=%2Fwp%2Fv2%2Fcomments&post=19498"}],"version-history":[{"count":1,"href":"https:\/\/radiocresatelital.com\/index.php?rest_route=\/wp\/v2\/posts\/19498\/revisions"}],"predecessor-version":[{"id":19500,"href":"https:\/\/radiocresatelital.com\/index.php?rest_route=\/wp\/v2\/posts\/19498\/revisions\/19500"}],"wp:featuredmedia":[{"embeddable":true,"href":"https:\/\/radiocresatelital.com\/index.php?rest_route=\/wp\/v2\/media\/19499"}],"wp:attachment":[{"href":"https:\/\/radiocresatelital.com\/index.php?rest_route=%2Fwp%2Fv2%2Fmedia&parent=19498"}],"wp:term":[{"taxonomy":"category","embeddable":true,"href":"https:\/\/radiocresatelital.com\/index.php?rest_route=%2Fwp%2Fv2%2Fcategories&post=19498"},{"taxonomy":"post_tag","embeddable":true,"href":"https:\/\/radiocresatelital.com\/index.php?rest_route=%2Fwp%2Fv2%2Ftags&post=19498"}],"curies":[{"name":"wp","href":"https:\/\/api.w.org\/{rel}","templated":true}]}}