{"id":19496,"date":"2024-10-03T22:30:19","date_gmt":"2024-10-03T22:30:19","guid":{"rendered":"https:\/\/radiocresatelital.com\/?p=19496"},"modified":"2024-10-03T22:30:19","modified_gmt":"2024-10-03T22:30:19","slug":"concejo-municipal-aprobo-condecoraciones-en-el-marco-del-204-aniversario-de-la-independencia-de-guayaquil","status":"publish","type":"post","link":"https:\/\/radiocresatelital.com\/?p=19496","title":{"rendered":"Concejo Municipal aprob\u00f3 condecoraciones en el marco del 204\u00b0 aniversario de la Independencia de Guayaquil"},"content":{"rendered":"<p>Guayaquil.- El Concejo Municipal, liderado por el Alcalde Aquiles \u00c1lvarez, sesion\u00f3 con tres nuevos integrantes: Tatiana Coronel, Eduardo Bautista y Cinthia Garc\u00eda en reemplazo de Ra\u00fal Ch\u00e1vez, Mayra Monta\u00f1o y \u00darsula Strenge, respectivamente.<\/p>\n<p>El personero municipal dio la bienvenida a los nuevos ediles y les garantiz\u00f3 que habr\u00e1 contacto directo siempre, sin barreras, para trabajar en beneficio de los guayaquile\u00f1os.<\/p>\n<p>\u201cAc\u00e1 nosotros puertas abiertas, encantados de compartir con todos, de trabajar en conjunto, no hay banderas pol\u00edticas para este Concejo Municipal, sino buscar el bien para todos los guayaquile\u00f1os, as\u00ed que ese es nuestro mensaje\u201d, les dijo.<\/p>\n<p>El Concejo Municipal, de su parte, aprob\u00f3 el informe que recomienda otorgar la condecoraci\u00f3n M.I. Municipalidad de Guayaquil: Jaime Nebot Saadi, en la sesi\u00f3n conmemorativa del 204 aniversario de la Independencia de la ciudad, el pr\u00f3ximo 9 de octubre.<\/p>\n<p>As\u00ed, se reconocer\u00e1 la trayectoria de la Benem\u00e9rita Sociedad de Beneficencia de Se\u00f1oras de Guayaquil, de la se\u00f1orita Kiara Rodr\u00edguez Espa\u00f1a, del Ing. Bruno Leone Pignataro y del Dr. Humberto Moya Flores.<\/p>\n<p>Tambi\u00e9n el Cuerpo Edilicio aprob\u00f3 \u2013en segundo debate- el proyecto de Ordenanza que regula las actividades econ\u00f3micas en pol\u00edgonos de influencia, en la red de mercados y sus \u00e1reas de intervenci\u00f3n municipal.<\/p>\n<p>La concejala Emily Vera afirm\u00f3 que se busca una ciudad m\u00e1s organizada y productiva, brindando equidad e igualdad de oportunidades para que todos los comerciantes vendan sus productos, \u201ctanto para los que trabajan desde nuestros mercados municipales, como los de su \u00e1rea de influencia\u201d.<\/p>\n<p>Tambi\u00e9n se aprob\u00f3 en segundo debate la reforma a la Ordenanza que norma la instalaci\u00f3n de quioscos, carretillas y dem\u00e1s formas de desarrollo de la actividad comercial en espacios p\u00fablicos. El objetivo es simplificar la tramitolog\u00eda en la obtenci\u00f3n de permisos.<\/p>\n<p>\u201cLo que buscamos como Municipio es evitar tanta burocracia, ir de Direcci\u00f3n en Direcci\u00f3n hasta que se les pueda dar el permiso, lo \u00fanico que no queremos es poner m\u00e1s trabas a los comerciantes que lo \u00fanico que quieren es trabajar\u201d, dijo el Alcalde.<\/p>\n<p>De su parte, el concejal Arturo Escala explic\u00f3 que se suprimieron varios documentos que eran requeridos como requisitos, entre ellos el certificado de antecedentes penales, la tasa de tr\u00e1mite, la copia a color de la c\u00e9dula de identidad y certificado de salud ocupacional.<\/p>\n<p>El Concejo Municipal tambi\u00e9n aprob\u00f3, en segundo debate, el proyecto de Ordenanza que instituye el programa de prevenci\u00f3n y atenci\u00f3n primaria de conductas adictivas del cant\u00f3n. Esto consiste en un programa de salud que se basa en la prevenci\u00f3n, deshabituaci\u00f3n, inserci\u00f3n y reinserci\u00f3n.<\/p>\n<p>\u201cPara nosotros es fundamental la prevenci\u00f3n, pero obviamente el tratamiento, el acompa\u00f1amiento que es fundamental y cerramos el c\u00edrculo con la reinserci\u00f3n\u201d, finaliz\u00f3 \u00c1lvarez.<\/p>\n","protected":false},"excerpt":{"rendered":"<p>Guayaquil.- El Concejo Municipal, liderado por el Alcalde Aquiles \u00c1lvarez, sesion\u00f3 con tres nuevos integrantes: Tatiana Coronel, Eduardo Bautista y Cinthia Garc\u00eda en reemplazo de Ra\u00fal Ch\u00e1vez, Mayra Monta\u00f1o y \u00darsula Strenge, respectivamente. El personero municipal dio la bienvenida a los nuevos ediles y les garantiz\u00f3 que habr\u00e1 contacto directo siempre, sin barreras, para trabajar [&hellip;]<\/p>\n","protected":false},"author":2,"featured_media":18085,"comment_status":"open","ping_status":"closed","sticky":false,"template":"","format":"standard","meta":{"_jetpack_memberships_contains_paid_content":false,"footnotes":""},"categories":[13],"tags":[114],"class_list":["post-19496","post","type-post","status-publish","format-standard","has-post-thumbnail","hentry","category-noticias-nacionales","tag-municipio-de-guayaquil"],"jetpack_featured_media_url":"https:\/\/radiocresatelital.com\/wp-content\/uploads\/2024\/08\/concejo-municipal-garantiza-extincion-empresa-publica-vivienda-afectara-usuarios7.jpg","jetpack_sharing_enabled":true,"_links":{"self":[{"href":"https:\/\/radiocresatelital.com\/index.php?rest_route=\/wp\/v2\/posts\/19496","targetHints":{"allow":["GET"]}}],"collection":[{"href":"https:\/\/radiocresatelital.com\/index.php?rest_route=\/wp\/v2\/posts"}],"about":[{"href":"https:\/\/radiocresatelital.com\/index.php?rest_route=\/wp\/v2\/types\/post"}],"author":[{"embeddable":true,"href":"https:\/\/radiocresatelital.com\/index.php?rest_route=\/wp\/v2\/users\/2"}],"replies":[{"embeddable":true,"href":"https:\/\/radiocresatelital.com\/index.php?rest_route=%2Fwp%2Fv2%2Fcomments&post=19496"}],"version-history":[{"count":1,"href":"https:\/\/radiocresatelital.com\/index.php?rest_route=\/wp\/v2\/posts\/19496\/revisions"}],"predecessor-version":[{"id":19497,"href":"https:\/\/radiocresatelital.com\/index.php?rest_route=\/wp\/v2\/posts\/19496\/revisions\/19497"}],"wp:featuredmedia":[{"embeddable":true,"href":"https:\/\/radiocresatelital.com\/index.php?rest_route=\/wp\/v2\/media\/18085"}],"wp:attachment":[{"href":"https:\/\/radiocresatelital.com\/index.php?rest_route=%2Fwp%2Fv2%2Fmedia&parent=19496"}],"wp:term":[{"taxonomy":"category","embeddable":true,"href":"https:\/\/radiocresatelital.com\/index.php?rest_route=%2Fwp%2Fv2%2Fcategories&post=19496"},{"taxonomy":"post_tag","embeddable":true,"href":"https:\/\/radiocresatelital.com\/index.php?rest_route=%2Fwp%2Fv2%2Ftags&post=19496"}],"curies":[{"name":"wp","href":"https:\/\/api.w.org\/{rel}","templated":true}]}}