{"id":19492,"date":"2024-10-03T22:19:43","date_gmt":"2024-10-03T22:19:43","guid":{"rendered":"https:\/\/radiocresatelital.com\/?p=19492"},"modified":"2024-10-03T22:19:54","modified_gmt":"2024-10-03T22:19:54","slug":"la-innovacion-y-tecnologia-impulsan-la-transformacion-digital-de-las-empresas-en-ecuador","status":"publish","type":"post","link":"https:\/\/radiocresatelital.com\/?p=19492","title":{"rendered":"La innovaci\u00f3n y tecnolog\u00eda impulsan la transformaci\u00f3n digital de las empresas en Ecuador"},"content":{"rendered":"<p>Guayaquil.- SONDA Ecuador celebr\u00f3 con \u00e9xito su primer encuentro denominado \u201cLa Transformaci\u00f3n es hoy\u201d, que reuni\u00f3 a expertos del sector tecnol\u00f3gico y representantes de los medios de comunicaci\u00f3n para analizar en profundidad el impacto de la tecnolog\u00eda en la evoluci\u00f3n de las empresas ecuatorianas. Durante el evento, se compartieron detalles sobre las tendencias e innovaci\u00f3n que impulsan el camino hacia la transformaci\u00f3n digital en el pa\u00eds.<\/p>\n<p>Durante la jornada, los especialistas de SONDA destacaron el potencial de la inteligencia artificial como una herramienta que no solo mejora la productividad de los equipos, sino que tambi\u00e9n optimiza el uso de recursos y costos operacionales. Estas soluciones tecnol\u00f3gicas est\u00e1n ayudando a las organizaciones a evaluar sus procesos y proponer mejoras significativas para alcanzar una gesti\u00f3n m\u00e1s eficiente y competitiva.<\/p>\n<p>Tambi\u00e9n se subray\u00f3 la importancia de adaptar los procesos de transformaci\u00f3n digital de manera espec\u00edfica para atender las necesidades de cada empresa, a su vez, se enfatiz\u00f3 en la importancia de los servicios de Data Center, Cloud, Ciberseguridad, y Plataforma, componentes fundamentales para mantener y proteger la infraestructura tecnol\u00f3gica de las empresas en el entorno digital actual.<\/p>\n<p>Silvia Ramos, Gerente General de Sonda Ecuador, afirm\u00f3 \u201cEs fundamental que las empresas ecuatorianas alineen sus objetivos de 2025 con las tendencias tecnol\u00f3gicas emergentes, lo que les permitir\u00e1 construir una ventaja competitiva sostenible en el mercado. Aquellas organizaciones que lideren este proceso no solo estar\u00e1n preparadas para enfrentar los desaf\u00edos actuales, sino que tambi\u00e9n asegurar\u00e1n su \u00e9xito a largo plazo\u201d.<\/p>\n<p>Este primer encuentro, enmarca el compromiso de SONDA Ecuador por aportar al entorno empresarial del pa\u00eds. Con 50 a\u00f1os de trayectoria en la regi\u00f3n, la empresa ha sido pionera en implementar soluciones tecnol\u00f3gicas innovadoras que mejoran la calidad de vida de las personas y contribuyen al crecimiento econ\u00f3mico de las organizaciones con las que trabaja.<\/p>\n<p>Para obtener m\u00e1s informaci\u00f3n sobre las soluciones tecnol\u00f3gicas personalizadas que ofrece Sonda, visita el sitio web: <a href=\"http:\/\/www.sonda.com\/\">www.sonda.com<\/a><\/p>\n","protected":false},"excerpt":{"rendered":"<p>Guayaquil.- SONDA Ecuador celebr\u00f3 con \u00e9xito su primer encuentro denominado \u201cLa Transformaci\u00f3n es hoy\u201d, que reuni\u00f3 a expertos del sector tecnol\u00f3gico y representantes de los medios de comunicaci\u00f3n para analizar en profundidad el impacto de la tecnolog\u00eda en la evoluci\u00f3n de las empresas ecuatorianas. Durante el evento, se compartieron detalles sobre las tendencias e innovaci\u00f3n [&hellip;]<\/p>\n","protected":false},"author":2,"featured_media":19493,"comment_status":"open","ping_status":"closed","sticky":false,"template":"","format":"standard","meta":{"_jetpack_memberships_contains_paid_content":false,"footnotes":""},"categories":[13],"tags":[2895],"class_list":["post-19492","post","type-post","status-publish","format-standard","has-post-thumbnail","hentry","category-noticias-nacionales","tag-sonda-ecuador"],"jetpack_featured_media_url":"https:\/\/radiocresatelital.com\/wp-content\/uploads\/2024\/10\/FOTOGRAFIA-SONDA-scaled.jpg","jetpack_sharing_enabled":true,"_links":{"self":[{"href":"https:\/\/radiocresatelital.com\/index.php?rest_route=\/wp\/v2\/posts\/19492","targetHints":{"allow":["GET"]}}],"collection":[{"href":"https:\/\/radiocresatelital.com\/index.php?rest_route=\/wp\/v2\/posts"}],"about":[{"href":"https:\/\/radiocresatelital.com\/index.php?rest_route=\/wp\/v2\/types\/post"}],"author":[{"embeddable":true,"href":"https:\/\/radiocresatelital.com\/index.php?rest_route=\/wp\/v2\/users\/2"}],"replies":[{"embeddable":true,"href":"https:\/\/radiocresatelital.com\/index.php?rest_route=%2Fwp%2Fv2%2Fcomments&post=19492"}],"version-history":[{"count":1,"href":"https:\/\/radiocresatelital.com\/index.php?rest_route=\/wp\/v2\/posts\/19492\/revisions"}],"predecessor-version":[{"id":19494,"href":"https:\/\/radiocresatelital.com\/index.php?rest_route=\/wp\/v2\/posts\/19492\/revisions\/19494"}],"wp:featuredmedia":[{"embeddable":true,"href":"https:\/\/radiocresatelital.com\/index.php?rest_route=\/wp\/v2\/media\/19493"}],"wp:attachment":[{"href":"https:\/\/radiocresatelital.com\/index.php?rest_route=%2Fwp%2Fv2%2Fmedia&parent=19492"}],"wp:term":[{"taxonomy":"category","embeddable":true,"href":"https:\/\/radiocresatelital.com\/index.php?rest_route=%2Fwp%2Fv2%2Fcategories&post=19492"},{"taxonomy":"post_tag","embeddable":true,"href":"https:\/\/radiocresatelital.com\/index.php?rest_route=%2Fwp%2Fv2%2Ftags&post=19492"}],"curies":[{"name":"wp","href":"https:\/\/api.w.org\/{rel}","templated":true}]}}